{"id":1385,"date":"2020-09-01T10:00:55","date_gmt":"2020-09-01T08:00:55","guid":{"rendered":"http:\/\/esscrans-montana.ch\/?p=1385"},"modified":"2022-02-14T21:51:11","modified_gmt":"2022-02-14T20:51:11","slug":"fatbike","status":"publish","type":"post","link":"https:\/\/esscrans-montana.ch\/de\/fatbike\/","title":{"rendered":"Fatbike"},"content":{"rendered":"<p>Unsere Fatbikes im Schaufenster machen Sie neugierig\u00a0? Kommen Sie zum Testen und lassen Sie sich \u00fcberraschen.\u00a0Eine erstaunliche Erfahrung, welche Ihnen den Eindruck vermittelt die Piste ganz f\u00fcr sich allein zu haben.<\/p>\n<p>Sie k\u00f6nnen zwischen den Angeboten \u201eEarly Bird Fatbike\u201c (unber\u00fchrte Pisten zum Fr\u00fchst\u00fcck), oder f\u00fcr die Sp\u00e4taufsteher das Angebot \u201eApr\u00e8ski Fatbike\u201c (nur f\u00fcr Experten) als Aperitif w\u00e4hlen.<\/p>\n<p>Preis: 85.00 CHF \/ Person<\/p>\n<p>Inklusiv: Fatbike, Helm, Stirnlampe, Begleitung durch einen unserer Lehrer sowie Zugang zu den Bergbahnen (eine Fahrt).<\/p>\n<p>Bedingungen: mindestens drei Personen \/ maximum f\u00fcnf Personen.<\/p>\n<p>Empfohlene Ausstattung: Skianzug, Winterschuhe, Handschuhe, M\u00fctze oder Skihelm.<\/p>\n<p><u>Info und Reservierung: <\/u><\/p>\n<p>Telefon: 0041 (0)27 481 14 80 oder info@esscrans-montana.ch<\/p>","protected":false},"excerpt":{"rendered":"<p>Unsere Fatbikes im Schaufenster machen Sie neugierig\u00a0? Kommen Sie zum Testen und lassen Sie sich \u00fcberraschen.\u00a0Eine erstaunliche Erfahrung, welche Ihnen [&hellip;]<\/p>\n","protected":false},"author":3,"featured_media":5159,"comment_status":"open","ping_status":"open","sticky":false,"template":"","format":"standard","meta":{"footnotes":"","fecha_evento":""},"categories":[39],"tags":[31,11,40],"_links":{"self":[{"href":"https:\/\/esscrans-montana.ch\/de\/wp-json\/wp\/v2\/posts\/1385"}],"collection":[{"href":"https:\/\/esscrans-montana.ch\/de\/wp-json\/wp\/v2\/posts"}],"about":[{"href":"https:\/\/esscrans-montana.ch\/de\/wp-json\/wp\/v2\/types\/post"}],"author":[{"embeddable":true,"href":"https:\/\/esscrans-montana.ch\/de\/wp-json\/wp\/v2\/users\/3"}],"replies":[{"embeddable":true,"href":"https:\/\/esscrans-montana.ch\/de\/wp-json\/wp\/v2\/comments?post=1385"}],"version-history":[{"count":18,"href":"https:\/\/esscrans-montana.ch\/de\/wp-json\/wp\/v2\/posts\/1385\/revisions"}],"predecessor-version":[{"id":4853,"href":"https:\/\/esscrans-montana.ch\/de\/wp-json\/wp\/v2\/posts\/1385\/revisions\/4853"}],"wp:featuredmedia":[{"embeddable":true,"href":"https:\/\/esscrans-montana.ch\/de\/wp-json\/wp\/v2\/media\/5159"}],"wp:attachment":[{"href":"https:\/\/esscrans-montana.ch\/de\/wp-json\/wp\/v2\/media?parent=1385"}],"wp:term":[{"taxonomy":"category","embeddable":true,"href":"https:\/\/esscrans-montana.ch\/de\/wp-json\/wp\/v2\/categories?post=1385"},{"taxonomy":"post_tag","embeddable":true,"href":"https:\/\/esscrans-montana.ch\/de\/wp-json\/wp\/v2\/tags?post=1385"}],"curies":[{"name":"wp","href":"https:\/\/api.w.org\/{rel}","templated":true}]}}