{"id":1449,"date":"2016-08-06T10:08:38","date_gmt":"2016-08-06T08:08:38","guid":{"rendered":"http:\/\/esscrans-montana.ch\/?p=1449"},"modified":"2024-12-31T16:08:58","modified_gmt":"2024-12-31T15:08:58","slug":"cours-avalanche","status":"publish","type":"post","link":"https:\/\/esscrans-montana.ch\/de\/cours-avalanche\/","title":{"rendered":"Lawinenkurse"},"content":{"rendered":"<p>Wir bieten ebenfalls diverse Schnee-und Lawinenlehrg\u00e4nge an.<\/p>\n<p>&nbsp;<\/p>\n<p><strong>Privat<\/strong><\/p>\n<p>Pers\u00f6nlicher Bergf\u00fchrer der Ihnen die Grunds\u00e4tze der Sicherheit erkl\u00e4rt und auf Ihre spezifische Fragen eingeht. Ohne Abschlusszertifikat.<\/p>\n<p><strong>Tarife<\/strong> : CHF 650.- f\u00fcr 1 und 2 Person (+ CHF 50.- jede zuz\u00fcgliche Person)<\/p>","protected":false},"excerpt":{"rendered":"<p>Wir bieten ebenfalls diverse Schnee-und Lawinenlehrg\u00e4nge an. &nbsp; Privat Pers\u00f6nlicher Bergf\u00fchrer der Ihnen die Grunds\u00e4tze der Sicherheit erkl\u00e4rt und auf [&hellip;]<\/p>\n","protected":false},"author":3,"featured_media":5164,"comment_status":"open","ping_status":"open","sticky":false,"template":"","format":"standard","meta":{"footnotes":"","fecha_evento":""},"categories":[7],"tags":[11],"_links":{"self":[{"href":"https:\/\/esscrans-montana.ch\/de\/wp-json\/wp\/v2\/posts\/1449"}],"collection":[{"href":"https:\/\/esscrans-montana.ch\/de\/wp-json\/wp\/v2\/posts"}],"about":[{"href":"https:\/\/esscrans-montana.ch\/de\/wp-json\/wp\/v2\/types\/post"}],"author":[{"embeddable":true,"href":"https:\/\/esscrans-montana.ch\/de\/wp-json\/wp\/v2\/users\/3"}],"replies":[{"embeddable":true,"href":"https:\/\/esscrans-montana.ch\/de\/wp-json\/wp\/v2\/comments?post=1449"}],"version-history":[{"count":14,"href":"https:\/\/esscrans-montana.ch\/de\/wp-json\/wp\/v2\/posts\/1449\/revisions"}],"predecessor-version":[{"id":6349,"href":"https:\/\/esscrans-montana.ch\/de\/wp-json\/wp\/v2\/posts\/1449\/revisions\/6349"}],"wp:featuredmedia":[{"embeddable":true,"href":"https:\/\/esscrans-montana.ch\/de\/wp-json\/wp\/v2\/media\/5164"}],"wp:attachment":[{"href":"https:\/\/esscrans-montana.ch\/de\/wp-json\/wp\/v2\/media?parent=1449"}],"wp:term":[{"taxonomy":"category","embeddable":true,"href":"https:\/\/esscrans-montana.ch\/de\/wp-json\/wp\/v2\/categories?post=1449"},{"taxonomy":"post_tag","embeddable":true,"href":"https:\/\/esscrans-montana.ch\/de\/wp-json\/wp\/v2\/tags?post=1449"}],"curies":[{"name":"wp","href":"https:\/\/api.w.org\/{rel}","templated":true}]}}