{"id":167,"date":"2016-08-11T14:23:30","date_gmt":"2016-08-11T14:23:30","guid":{"rendered":"http:\/\/data.cranskischool.ch\/ess\/?p=167"},"modified":"2020-05-08T11:40:45","modified_gmt":"2020-05-08T09:40:45","slug":"snowli-et-monsieur-long-nez","status":"publish","type":"post","link":"https:\/\/esscrans-montana.ch\/de\/snowli-et-monsieur-long-nez\/","title":{"rendered":"Kapitel 1. Snowli und Herr Langnase"},"content":{"rendered":"<p>\u00abWo bin ich denn?\u00bb, fragte das ver\u00e4ngstigte kleine Wesen den Schneemann, der auf einmal an seiner Seite war. \u00abDu bist in den Schnee gefallen, findest du das nicht lustig?\u00bb, antwortete der Schneemann. \u00abSchnee?!\u00bb, was f\u00fcr ein komisches Wort. Was ist das?\u00bb, fragte das fremde kleine Wesen.<\/p>\n<p>\u00abBevor ich dir erkl\u00e4re, was das ist, sagst du mir zuerst, wie du heisst und woher du kommst\u00bb, antwortete der Schneemann mit der R\u00fceblinase.<\/p>\n<p>\u00abIch heisse Snowli.\u00bb \u00abWas f\u00fcr ein sch\u00f6ner Name!\u00bb, entgegnete der Schneemann, \u00abund was f\u00fcr ein Zufall, denn in einer Sprache, die man auf der Erde spricht, bedeutet \u2039snow\u203a Schnee! Weisst du, du bist in einem Schneedorf gelandet, das man \u2039Swiss Snow Kids Village\u203a nennt.\u00bb<\/p>\n<p>Erstaunt und zufrieden schloss Snowli sofort Freundschaft mit dem grossen weissen Schneemann und erz\u00e4hlte ihm seine Abenteuer. Seine Eltern h\u00e4tten ihn auf eine wunderbare Reise durch das All geschickt, damit er das Weltall, andere Planeten und andere V\u00f6lker kennen lernen k\u00f6nne. Deshalb sei er auf unserem Planeten Erde gelandet.<\/p>\n<p>\u00abUnd jetzt Herr Langnase, kannst du mir endlich erkl\u00e4ren, was dieses weisse und kalte Ding ist?\u00bb Der Schneemann beugte sich zu ihm hinunter und begann die faszinierende Geschichte vom Schnee zu erz\u00e4hlen.<\/p>","protected":false},"excerpt":{"rendered":"<p>\u00abWo bin ich denn?\u00bb, fragte das ver\u00e4ngstigte kleine Wesen den Schneemann, der auf einmal an seiner Seite war. \u00abDu bist [&hellip;]<\/p>\n","protected":false},"author":1,"featured_media":244,"comment_status":"open","ping_status":"open","sticky":false,"template":"","format":"standard","meta":{"footnotes":"","fecha_evento":""},"categories":[19],"tags":[],"_links":{"self":[{"href":"https:\/\/esscrans-montana.ch\/de\/wp-json\/wp\/v2\/posts\/167"}],"collection":[{"href":"https:\/\/esscrans-montana.ch\/de\/wp-json\/wp\/v2\/posts"}],"about":[{"href":"https:\/\/esscrans-montana.ch\/de\/wp-json\/wp\/v2\/types\/post"}],"author":[{"embeddable":true,"href":"https:\/\/esscrans-montana.ch\/de\/wp-json\/wp\/v2\/users\/1"}],"replies":[{"embeddable":true,"href":"https:\/\/esscrans-montana.ch\/de\/wp-json\/wp\/v2\/comments?post=167"}],"version-history":[{"count":11,"href":"https:\/\/esscrans-montana.ch\/de\/wp-json\/wp\/v2\/posts\/167\/revisions"}],"predecessor-version":[{"id":4027,"href":"https:\/\/esscrans-montana.ch\/de\/wp-json\/wp\/v2\/posts\/167\/revisions\/4027"}],"wp:featuredmedia":[{"embeddable":true,"href":"https:\/\/esscrans-montana.ch\/de\/wp-json\/wp\/v2\/media\/244"}],"wp:attachment":[{"href":"https:\/\/esscrans-montana.ch\/de\/wp-json\/wp\/v2\/media?parent=167"}],"wp:term":[{"taxonomy":"category","embeddable":true,"href":"https:\/\/esscrans-montana.ch\/de\/wp-json\/wp\/v2\/categories?post=167"},{"taxonomy":"post_tag","embeddable":true,"href":"https:\/\/esscrans-montana.ch\/de\/wp-json\/wp\/v2\/tags?post=167"}],"curies":[{"name":"wp","href":"https:\/\/api.w.org\/{rel}","templated":true}]}}