{"id":171,"date":"2016-08-11T14:25:26","date_gmt":"2016-08-11T14:25:26","guid":{"rendered":"http:\/\/data.cranskischool.ch\/ess\/?p=171"},"modified":"2020-05-14T11:38:58","modified_gmt":"2020-05-14T09:38:58","slug":"ce-quon-peut-faire-avec-la-neige","status":"publish","type":"post","link":"https:\/\/esscrans-montana.ch\/de\/ce-quon-peut-faire-avec-la-neige\/","title":{"rendered":"Kapitel 3. Was man mit dem Schnee anstellen kann"},"content":{"rendered":"<p>Die von Herr Langnase erz\u00e4hlte Geschichte faszinierte den aufmerksam zuh\u00f6renden Snowli sehr. \u00abAuf Schnee kannst du gleiten, bremsen, Kurven fahren und sogar springen\u00bb, erkl\u00e4rte der Schneemann.<\/p>\n<p>\u00abMacht das den Pfoten nicht weh?\u00bb, fragte Snowli beeindruckt. \u00abBin ich dumm?\u00bb, antwortete der Schneemann l\u00e4chelnd, \u00abIch habe vergessen, dir zu sagen, dass man nur dank ganz besonderen Ger\u00e4ten sehr schnell gleiten, unglaubliche Kurven fahren und sogar auf der Stelle bremsen kann. Manchmal, wenn es viel Neuschnee hat, bewegt man sich nur mit viel M\u00fche vorw\u00e4rts und wenn der Schnee gefroren ist, muss man sich wie ein Akrobat bewegen, um \u00fcberhaupt das Gleichgewicht halten zu k\u00f6nnen.\u00bb<\/p>\n<p>\u00abHerr Langnase, beschreibe mir bitte diese \u2039ganz besonderen Ger\u00e4te\u203a.\u00bb<\/p>","protected":false},"excerpt":{"rendered":"<p>Die von Herr Langnase erz\u00e4hlte Geschichte faszinierte den aufmerksam zuh\u00f6renden Snowli sehr. \u00abAuf Schnee kannst du gleiten, bremsen, Kurven fahren [&hellip;]<\/p>\n","protected":false},"author":1,"featured_media":246,"comment_status":"open","ping_status":"open","sticky":false,"template":"","format":"standard","meta":{"footnotes":"","fecha_evento":""},"categories":[19],"tags":[],"_links":{"self":[{"href":"https:\/\/esscrans-montana.ch\/de\/wp-json\/wp\/v2\/posts\/171"}],"collection":[{"href":"https:\/\/esscrans-montana.ch\/de\/wp-json\/wp\/v2\/posts"}],"about":[{"href":"https:\/\/esscrans-montana.ch\/de\/wp-json\/wp\/v2\/types\/post"}],"author":[{"embeddable":true,"href":"https:\/\/esscrans-montana.ch\/de\/wp-json\/wp\/v2\/users\/1"}],"replies":[{"embeddable":true,"href":"https:\/\/esscrans-montana.ch\/de\/wp-json\/wp\/v2\/comments?post=171"}],"version-history":[{"count":13,"href":"https:\/\/esscrans-montana.ch\/de\/wp-json\/wp\/v2\/posts\/171\/revisions"}],"predecessor-version":[{"id":4035,"href":"https:\/\/esscrans-montana.ch\/de\/wp-json\/wp\/v2\/posts\/171\/revisions\/4035"}],"wp:featuredmedia":[{"embeddable":true,"href":"https:\/\/esscrans-montana.ch\/de\/wp-json\/wp\/v2\/media\/246"}],"wp:attachment":[{"href":"https:\/\/esscrans-montana.ch\/de\/wp-json\/wp\/v2\/media?parent=171"}],"wp:term":[{"taxonomy":"category","embeddable":true,"href":"https:\/\/esscrans-montana.ch\/de\/wp-json\/wp\/v2\/categories?post=171"},{"taxonomy":"post_tag","embeddable":true,"href":"https:\/\/esscrans-montana.ch\/de\/wp-json\/wp\/v2\/tags?post=171"}],"curies":[{"name":"wp","href":"https:\/\/api.w.org\/{rel}","templated":true}]}}