{"id":175,"date":"2016-08-11T14:27:44","date_gmt":"2016-08-11T14:27:44","guid":{"rendered":"http:\/\/data.cranskischool.ch\/ess\/?p=175"},"modified":"2020-06-29T14:26:53","modified_gmt":"2020-06-29T12:26:53","slug":"le-village-des-neiges","status":"publish","type":"post","link":"https:\/\/esscrans-montana.ch\/de\/le-village-des-neiges\/","title":{"rendered":"Kapitel 5. Das Schneedorf"},"content":{"rendered":"<p>Das Schneedorf war so gross, dass man kaum bis zum Ende sah. Mit jedem Windstoss schneite es erneut aus grossen B\u00e4umen, welche das Dorf wie Pinsel wieder weiss anmalten.<\/p>\n<p>Den ganzen Tag spielten Snowli und Herr Langnase zusammen, rannten hintereinander her und tummelten sich im Schnee. Snowli war gl\u00fccklich: er hatte die Erde entdeckt und auch ein ganz besonderes Dorf, einen ganz lieben Freund und eine faszinierende, weisse, weiche Sache, aber &#8230;<\/p>\n<p>\u00abMeine kleinen F\u00fcsse sind eiskalt!\u00bb, bemerkte Snowli ganz \u00fcberrascht. Ohne Zeit zu verlieren, brachte ihn Herr Langnase in ein kleines Holzhaus, reichte ihm ein feines heisses Getr\u00e4nk, Guetzli und z\u00fcndete ein Feuer im Chemin\u00e9e an. Er gab ihm auch einen so grossen Schal, dass man nur noch seine grossen Augen sah. Ausserdem gab er ihm warme Socken, Schuhe, ein Paar Handschuhe, eine grosse Sonnenbrille und eine lustige M\u00fctze.<\/p>\n<p>Weil es drinnen so warm war, musste Herr Langnase das Haus schleunigst wieder verlassen, denn er begann langsam zu schmelzen! Snowli aber, von seiner Reise und all den gewonnenen Eindr\u00fccken ganz m\u00fcde, schlief neben dem Chemin\u00e9e ein. Er schlief tief und fest. So tief, dass er mehrere Tage im Haus blieb.<\/p>","protected":false},"excerpt":{"rendered":"<p>Das Schneedorf war so gross, dass man kaum bis zum Ende sah. Mit jedem Windstoss schneite es erneut aus grossen [&hellip;]<\/p>\n","protected":false},"author":1,"featured_media":248,"comment_status":"open","ping_status":"open","sticky":false,"template":"","format":"standard","meta":{"footnotes":"","fecha_evento":""},"categories":[19],"tags":[],"_links":{"self":[{"href":"https:\/\/esscrans-montana.ch\/de\/wp-json\/wp\/v2\/posts\/175"}],"collection":[{"href":"https:\/\/esscrans-montana.ch\/de\/wp-json\/wp\/v2\/posts"}],"about":[{"href":"https:\/\/esscrans-montana.ch\/de\/wp-json\/wp\/v2\/types\/post"}],"author":[{"embeddable":true,"href":"https:\/\/esscrans-montana.ch\/de\/wp-json\/wp\/v2\/users\/1"}],"replies":[{"embeddable":true,"href":"https:\/\/esscrans-montana.ch\/de\/wp-json\/wp\/v2\/comments?post=175"}],"version-history":[{"count":8,"href":"https:\/\/esscrans-montana.ch\/de\/wp-json\/wp\/v2\/posts\/175\/revisions"}],"predecessor-version":[{"id":4110,"href":"https:\/\/esscrans-montana.ch\/de\/wp-json\/wp\/v2\/posts\/175\/revisions\/4110"}],"wp:featuredmedia":[{"embeddable":true,"href":"https:\/\/esscrans-montana.ch\/de\/wp-json\/wp\/v2\/media\/248"}],"wp:attachment":[{"href":"https:\/\/esscrans-montana.ch\/de\/wp-json\/wp\/v2\/media?parent=175"}],"wp:term":[{"taxonomy":"category","embeddable":true,"href":"https:\/\/esscrans-montana.ch\/de\/wp-json\/wp\/v2\/categories?post=175"},{"taxonomy":"post_tag","embeddable":true,"href":"https:\/\/esscrans-montana.ch\/de\/wp-json\/wp\/v2\/tags?post=175"}],"curies":[{"name":"wp","href":"https:\/\/api.w.org\/{rel}","templated":true}]}}