{"id":1800,"date":"2026-04-10T09:00:33","date_gmt":"2026-04-10T07:00:33","guid":{"rendered":"http:\/\/esscrans-montana.ch\/?p=1800"},"modified":"2026-05-18T22:26:38","modified_gmt":"2026-05-18T20:26:38","slug":"mountain-kids-club-3-8-anni","status":"publish","type":"post","link":"https:\/\/esscrans-montana.ch\/de\/mountain-kids-club-3-8-anni\/","title":{"rendered":"Mini Camp"},"content":{"rendered":"<p>Dieses Camp ist f\u00fcr unsere j\u00fcngsten Teilnehmer vorgesehen. Sie k\u00f6nnen sich spielerisch beim Entdecken der Berge und Almen, konstruieren von H\u00fctten, Basteln, Malen und anderen Aktivit\u00e4ten am\u00fcsieren.<\/p>\n<p><strong>Daten<\/strong> : vom 29 juni bis 21 august 2026 (3 Leute min)<\/p>\n<p><strong>Zeitplan<\/strong> : von Montag bis Freitag von 9:45 Uhr bis 12:45 Uhr.<br \/>\n<strong>Treffpunkt<\/strong> : 9h35 Uhr im B\u00fcro<\/p>\n<p>ESS Crans-Montana<br \/>\nRoute des\u00a0Arolles 2<br \/>\n3963 Crans-Montana<\/p>\n<p><strong>Preis<\/strong> : 50,- CHF f\u00fcr einen Vormittag oder<br \/>\n200,- CHF f\u00fcr 5 aufeinander folgende Vormittag.<\/p>\n<p>Bitte einplanen: dem Wetter anpassende gute Schuhe und Kleidung. Feldflasche.<\/p>\n<p>Das Mini Camp findet nur ab einer Mindestzahl von 3 Teilnehmern statt.<\/p>\n<p><strong>Anmeldungen per Telefon unter +41 (0) 27 481 14 80 oder per E-Mail unter info@esscrans-montana.ch.<\/strong><\/p>\n<p>Children willing to join sign up at least <strong>1 day in advance<\/strong><\/p>\n<p><a href=\"https:\/\/esscrans-montana.ch\/wp-content\/uploads\/2025\/06\/Programme-1.pdf\">Programm<\/a><\/p>\n<p>https:\/\/youtu.be\/Bh0TI8F9SYk<\/p>","protected":false},"excerpt":{"rendered":"<p>Dieses Camp ist f\u00fcr unsere j\u00fcngsten Teilnehmer vorgesehen. Sie k\u00f6nnen sich spielerisch beim Entdecken der Berge und Almen, konstruieren von [&hellip;]<\/p>\n","protected":false},"author":3,"featured_media":7345,"comment_status":"open","ping_status":"open","sticky":false,"template":"","format":"standard","meta":{"footnotes":"","fecha_evento":""},"categories":[3,50],"tags":[31,11],"_links":{"self":[{"href":"https:\/\/esscrans-montana.ch\/de\/wp-json\/wp\/v2\/posts\/1800"}],"collection":[{"href":"https:\/\/esscrans-montana.ch\/de\/wp-json\/wp\/v2\/posts"}],"about":[{"href":"https:\/\/esscrans-montana.ch\/de\/wp-json\/wp\/v2\/types\/post"}],"author":[{"embeddable":true,"href":"https:\/\/esscrans-montana.ch\/de\/wp-json\/wp\/v2\/users\/3"}],"replies":[{"embeddable":true,"href":"https:\/\/esscrans-montana.ch\/de\/wp-json\/wp\/v2\/comments?post=1800"}],"version-history":[{"count":114,"href":"https:\/\/esscrans-montana.ch\/de\/wp-json\/wp\/v2\/posts\/1800\/revisions"}],"predecessor-version":[{"id":7295,"href":"https:\/\/esscrans-montana.ch\/de\/wp-json\/wp\/v2\/posts\/1800\/revisions\/7295"}],"wp:featuredmedia":[{"embeddable":true,"href":"https:\/\/esscrans-montana.ch\/de\/wp-json\/wp\/v2\/media\/7345"}],"wp:attachment":[{"href":"https:\/\/esscrans-montana.ch\/de\/wp-json\/wp\/v2\/media?parent=1800"}],"wp:term":[{"taxonomy":"category","embeddable":true,"href":"https:\/\/esscrans-montana.ch\/de\/wp-json\/wp\/v2\/categories?post=1800"},{"taxonomy":"post_tag","embeddable":true,"href":"https:\/\/esscrans-montana.ch\/de\/wp-json\/wp\/v2\/tags?post=1800"}],"curies":[{"name":"wp","href":"https:\/\/api.w.org\/{rel}","templated":true}]}}