{"id":186,"date":"2016-08-11T14:32:38","date_gmt":"2016-08-11T14:32:38","guid":{"rendered":"http:\/\/data.cranskischool.ch\/ess\/?p=186"},"modified":"2016-10-04T17:05:58","modified_gmt":"2016-10-04T15:05:58","slug":"snowli-et-le-kangourou","status":"publish","type":"post","link":"https:\/\/esscrans-montana.ch\/de\/snowli-et-le-kangourou\/","title":{"rendered":"Kapitel 10. Snowli und das K\u00e4nguruh"},"content":{"rendered":"<p>\u00abAber, aber, aber ich kann doch gar nicht springen, geschweige denn fliegen!\u00bb, schrie er ausser sich vor Angst. Zum Gl\u00fcck war der Sprung nicht zu weit und der weiche Schnee fing ihn auf. Kaum war sein Schreck einigermassen verflogen, sah er zu seiner \u00dcberraschung direkt vor sich ein seltsames Tier mit grossen Pfoten, das aufrecht vor ihm stand.<\/p>\n<p>\u00abHallo Kleiner\u00bb, sagte es, \u00absoll ich dir das Springen beibringen?\u00bb \u00abAber gerne\u00bb, antwortete Snowli, \u00abich m\u00f6chte sogar lernen zu fliegen. Aber wer bist denn du?\u00bb \u00abIch bin das K\u00e4nguruh, der K\u00f6nig der Spr\u00fcnge. Das Springen kann ich dir beibringen, nicht aber das Fliegen.\u00bb<\/p>\n<p>Das K\u00e4nguruh baute viele Buckel und Spr\u00fcnge. Snowli glaubte manchmal, mit den H\u00e4nden den Himmel zu ber\u00fchren. Oft sprang er so hoch und weit, dass er meinte, nie mehr den Boden zu ber\u00fchren.<\/p>\n<p>Das K\u00e4nguruh, der K\u00f6nig der Spr\u00fcnge, gab ihm so viele Tipps, dass Snowli glaubte, selber ein kleines K\u00e4nguruh zu sein. Was f\u00fcr ein unbeschreibliches Gef\u00fchl!<\/p>\n<p>Bevor er sich vom K\u00e4nguruh verabschiedete, machte Snowli noch einen letzten Sprung. Der Sprung war so hoch, dass er meinte, wieder im Weltall zu sein, auf dem Weg nach Hause.<\/p>\n<p>\u00abNein!\u00bb, rief Snowli, \u00abIch will noch auf der Erde bleiben! Ich will noch neue Dinge lernen!\u00bb<\/p>","protected":false},"excerpt":{"rendered":"<p>\u00abAber, aber, aber ich kann doch gar nicht springen, geschweige denn fliegen!\u00bb, schrie er ausser sich vor Angst. Zum Gl\u00fcck [&hellip;]<\/p>\n","protected":false},"author":1,"featured_media":1017,"comment_status":"open","ping_status":"open","sticky":false,"template":"","format":"standard","meta":{"footnotes":"","fecha_evento":""},"categories":[19],"tags":[],"_links":{"self":[{"href":"https:\/\/esscrans-montana.ch\/de\/wp-json\/wp\/v2\/posts\/186"}],"collection":[{"href":"https:\/\/esscrans-montana.ch\/de\/wp-json\/wp\/v2\/posts"}],"about":[{"href":"https:\/\/esscrans-montana.ch\/de\/wp-json\/wp\/v2\/types\/post"}],"author":[{"embeddable":true,"href":"https:\/\/esscrans-montana.ch\/de\/wp-json\/wp\/v2\/users\/1"}],"replies":[{"embeddable":true,"href":"https:\/\/esscrans-montana.ch\/de\/wp-json\/wp\/v2\/comments?post=186"}],"version-history":[{"count":4,"href":"https:\/\/esscrans-montana.ch\/de\/wp-json\/wp\/v2\/posts\/186\/revisions"}],"predecessor-version":[{"id":1245,"href":"https:\/\/esscrans-montana.ch\/de\/wp-json\/wp\/v2\/posts\/186\/revisions\/1245"}],"wp:featuredmedia":[{"embeddable":true,"href":"https:\/\/esscrans-montana.ch\/de\/wp-json\/wp\/v2\/media\/1017"}],"wp:attachment":[{"href":"https:\/\/esscrans-montana.ch\/de\/wp-json\/wp\/v2\/media?parent=186"}],"wp:term":[{"taxonomy":"category","embeddable":true,"href":"https:\/\/esscrans-montana.ch\/de\/wp-json\/wp\/v2\/categories?post=186"},{"taxonomy":"post_tag","embeddable":true,"href":"https:\/\/esscrans-montana.ch\/de\/wp-json\/wp\/v2\/tags?post=186"}],"curies":[{"name":"wp","href":"https:\/\/api.w.org\/{rel}","templated":true}]}}