{"id":188,"date":"2016-08-11T14:33:33","date_gmt":"2016-08-11T14:33:33","guid":{"rendered":"http:\/\/data.cranskischool.ch\/ess\/?p=188"},"modified":"2016-10-04T14:49:55","modified_gmt":"2016-10-04T12:49:55","slug":"le-reveil","status":"publish","type":"post","link":"https:\/\/esscrans-montana.ch\/de\/le-reveil\/","title":{"rendered":"Kapitel 11. Das Erwachen"},"content":{"rendered":"<p>Snowli war so aufgeregt, dass er erwachte! Was f\u00fcr ein Gl\u00fcck, dass er sich im kleinen Holzhaus im Schneedorf wiederfand. Es war sehr warm drinnen. Draussen war der Schneemann wieder an seinem Platz, unbeweglich wie seine R\u00fceblinase.<\/p>\n<p>Snowli streckte sich und f\u00fchlte sich irgendwie seltsam. Er setzte sich und merkte, dass sein K\u00f6rper irgendwie st\u00e4rker geworden war. Als er die Decke hochhob sah er, dass seine Beine blau und fest geworden waren. Sein Oberk\u00f6rper war sch\u00f6n orange gef\u00e4rbt glich dem eines Pinguins. Seine Pfoten waren jetzt gelb und behaart, wie die eines B\u00e4ren.<\/p>\n<p>Snowli drehte sich um und erkannte, dass aus seinem K\u00e4nguruhhinterteil ein roter Schlangenschwanz spross! Voller Verwunderung stand er vor den Spiegel und stellte fest, dass einzig sein Kopf keine Ver\u00e4nderung erfahren hatte. Sein h\u00fcbscher Kopf \u2013 weiss, weich, mit den grossen blauen Augen und den langen Ohren. Daran erkannte Snowli, dass er immer noch er selbst war.<\/p>\n<p>Sein K\u00f6rper dagegen war ver\u00e4ndert und hatte die Form der Tiere angenommen, welche er in seinem Traum getroffen hatte und die ihm geholfen hatten, soviel Spass zu haben auf dem Schnee mit Skis und Snowboard.<\/p>","protected":false},"excerpt":{"rendered":"<p>Snowli war so aufgeregt, dass er erwachte! Was f\u00fcr ein Gl\u00fcck, dass er sich im kleinen Holzhaus im Schneedorf wiederfand. [&hellip;]<\/p>\n","protected":false},"author":1,"featured_media":1020,"comment_status":"open","ping_status":"open","sticky":false,"template":"","format":"standard","meta":{"footnotes":"","fecha_evento":""},"categories":[19],"tags":[],"_links":{"self":[{"href":"https:\/\/esscrans-montana.ch\/de\/wp-json\/wp\/v2\/posts\/188"}],"collection":[{"href":"https:\/\/esscrans-montana.ch\/de\/wp-json\/wp\/v2\/posts"}],"about":[{"href":"https:\/\/esscrans-montana.ch\/de\/wp-json\/wp\/v2\/types\/post"}],"author":[{"embeddable":true,"href":"https:\/\/esscrans-montana.ch\/de\/wp-json\/wp\/v2\/users\/1"}],"replies":[{"embeddable":true,"href":"https:\/\/esscrans-montana.ch\/de\/wp-json\/wp\/v2\/comments?post=188"}],"version-history":[{"count":4,"href":"https:\/\/esscrans-montana.ch\/de\/wp-json\/wp\/v2\/posts\/188\/revisions"}],"predecessor-version":[{"id":1233,"href":"https:\/\/esscrans-montana.ch\/de\/wp-json\/wp\/v2\/posts\/188\/revisions\/1233"}],"wp:featuredmedia":[{"embeddable":true,"href":"https:\/\/esscrans-montana.ch\/de\/wp-json\/wp\/v2\/media\/1020"}],"wp:attachment":[{"href":"https:\/\/esscrans-montana.ch\/de\/wp-json\/wp\/v2\/media?parent=188"}],"wp:term":[{"taxonomy":"category","embeddable":true,"href":"https:\/\/esscrans-montana.ch\/de\/wp-json\/wp\/v2\/categories?post=188"},{"taxonomy":"post_tag","embeddable":true,"href":"https:\/\/esscrans-montana.ch\/de\/wp-json\/wp\/v2\/tags?post=188"}],"curies":[{"name":"wp","href":"https:\/\/api.w.org\/{rel}","templated":true}]}}