{"id":2103,"date":"2020-09-01T09:53:31","date_gmt":"2020-09-01T07:53:31","guid":{"rendered":"http:\/\/esscrans-montana.ch\/?p=2103"},"modified":"2022-12-24T09:19:58","modified_gmt":"2022-12-24T08:19:58","slug":"accompagnement-aux-cours-de-ski-4-a-12-ans","status":"publish","type":"post","link":"https:\/\/esscrans-montana.ch\/de\/accompagnement-aux-cours-de-ski-4-a-12-ans\/","title":{"rendered":"Begleitung"},"content":{"rendered":"<p>Durch die neue Situation besteht die M\u00f6glichkeit\u00a0<strong>unsere Sch\u00fcler direkt in Montana vor unserem B\u00fcro zu empfangen<\/strong>. Von dort aus k\u00f6nnen sie dann gemeinsam von Ihrem Skilehrer zum Snowli, bzw. Miniklub Arnouva begleitet werden.<\/p>\n<p>Diese aussergew\u00f6hnliche Betreuung kostet 10.00 Sfr pro Tag extra.<\/p>\n<p><strong>Stundenplan<\/strong> :<br \/>\nAbreise Morgens : 8h45<br \/>\nR\u00fcckfahrt Morgens : 12h45<br \/>\nAbreise Nachmittags : 13h10<br \/>\nR\u00fcckfahrt Nachmittags : 16h20<\/p>\n<p><strong>Stundenplan Cours +<\/strong> :<br \/>\nAbreise Morgens : 9h45<br \/>\nR\u00fcckfahrt Morgens : 13h15<\/p>","protected":false},"excerpt":{"rendered":"<p>Durch die neue Situation besteht die M\u00f6glichkeit\u00a0unsere Sch\u00fcler direkt in Montana vor unserem B\u00fcro zu empfangen. Von dort aus k\u00f6nnen [&hellip;]<\/p>\n","protected":false},"author":7,"featured_media":0,"comment_status":"open","ping_status":"open","sticky":false,"template":"","format":"standard","meta":{"footnotes":"","fecha_evento":""},"categories":[25],"tags":[31,11],"_links":{"self":[{"href":"https:\/\/esscrans-montana.ch\/de\/wp-json\/wp\/v2\/posts\/2103"}],"collection":[{"href":"https:\/\/esscrans-montana.ch\/de\/wp-json\/wp\/v2\/posts"}],"about":[{"href":"https:\/\/esscrans-montana.ch\/de\/wp-json\/wp\/v2\/types\/post"}],"author":[{"embeddable":true,"href":"https:\/\/esscrans-montana.ch\/de\/wp-json\/wp\/v2\/users\/7"}],"replies":[{"embeddable":true,"href":"https:\/\/esscrans-montana.ch\/de\/wp-json\/wp\/v2\/comments?post=2103"}],"version-history":[{"count":17,"href":"https:\/\/esscrans-montana.ch\/de\/wp-json\/wp\/v2\/posts\/2103\/revisions"}],"predecessor-version":[{"id":5508,"href":"https:\/\/esscrans-montana.ch\/de\/wp-json\/wp\/v2\/posts\/2103\/revisions\/5508"}],"wp:attachment":[{"href":"https:\/\/esscrans-montana.ch\/de\/wp-json\/wp\/v2\/media?parent=2103"}],"wp:term":[{"taxonomy":"category","embeddable":true,"href":"https:\/\/esscrans-montana.ch\/de\/wp-json\/wp\/v2\/categories?post=2103"},{"taxonomy":"post_tag","embeddable":true,"href":"https:\/\/esscrans-montana.ch\/de\/wp-json\/wp\/v2\/tags?post=2103"}],"curies":[{"name":"wp","href":"https:\/\/api.w.org\/{rel}","templated":true}]}}