{"id":2307,"date":"2026-02-25T08:12:32","date_gmt":"2026-02-25T07:12:32","guid":{"rendered":"http:\/\/esscrans-montana.ch\/?p=2307"},"modified":"2026-02-25T17:44:20","modified_gmt":"2026-02-25T16:44:20","slug":"ouverture","status":"publish","type":"post","link":"https:\/\/esscrans-montana.ch\/de\/ouverture\/","title":{"rendered":"\u00d6ffnungszeiten unseres Hauptb\u00fcros"},"content":{"rendered":"<p>Unser Hauptb\u00fcro ist t\u00e4glich durchgehend von 8.30 bis 18.00 Uhr ge\u00f6ffnet.<\/p>\n<p>Alle \u00d6ffnungszeiten finden Sie <a href=\"https:\/\/esscrans-montana.ch\/de\/contact\/\"><strong>HIER<\/strong><\/a>.<\/p>","protected":false},"excerpt":{"rendered":"<p>Unser Hauptb\u00fcro ist t\u00e4glich durchgehend von 8.30 bis 18.00 Uhr ge\u00f6ffnet. Alle \u00d6ffnungszeiten finden Sie HIER.<\/p>\n","protected":false},"author":1,"featured_media":6390,"comment_status":"open","ping_status":"open","sticky":false,"template":"","format":"standard","meta":{"footnotes":"","fecha_evento":""},"categories":[9],"tags":[],"_links":{"self":[{"href":"https:\/\/esscrans-montana.ch\/de\/wp-json\/wp\/v2\/posts\/2307"}],"collection":[{"href":"https:\/\/esscrans-montana.ch\/de\/wp-json\/wp\/v2\/posts"}],"about":[{"href":"https:\/\/esscrans-montana.ch\/de\/wp-json\/wp\/v2\/types\/post"}],"author":[{"embeddable":true,"href":"https:\/\/esscrans-montana.ch\/de\/wp-json\/wp\/v2\/users\/1"}],"replies":[{"embeddable":true,"href":"https:\/\/esscrans-montana.ch\/de\/wp-json\/wp\/v2\/comments?post=2307"}],"version-history":[{"count":30,"href":"https:\/\/esscrans-montana.ch\/de\/wp-json\/wp\/v2\/posts\/2307\/revisions"}],"predecessor-version":[{"id":7278,"href":"https:\/\/esscrans-montana.ch\/de\/wp-json\/wp\/v2\/posts\/2307\/revisions\/7278"}],"wp:featuredmedia":[{"embeddable":true,"href":"https:\/\/esscrans-montana.ch\/de\/wp-json\/wp\/v2\/media\/6390"}],"wp:attachment":[{"href":"https:\/\/esscrans-montana.ch\/de\/wp-json\/wp\/v2\/media?parent=2307"}],"wp:term":[{"taxonomy":"category","embeddable":true,"href":"https:\/\/esscrans-montana.ch\/de\/wp-json\/wp\/v2\/categories?post=2307"},{"taxonomy":"post_tag","embeddable":true,"href":"https:\/\/esscrans-montana.ch\/de\/wp-json\/wp\/v2\/tags?post=2307"}],"curies":[{"name":"wp","href":"https:\/\/api.w.org\/{rel}","templated":true}]}}