{"id":3398,"date":"2025-03-30T12:36:14","date_gmt":"2025-03-30T10:36:14","guid":{"rendered":"http:\/\/esscrans-montana.ch\/?p=3398"},"modified":"2026-05-18T22:28:51","modified_gmt":"2026-05-18T20:28:51","slug":"bike-school-2","status":"publish","type":"post","link":"https:\/\/esscrans-montana.ch\/de\/bike-school-2\/","title":{"rendered":"Bikeschule"},"content":{"rendered":"<p>Unsere Bikeschule ist ge\u00f6ffnet. Unser motiviertes Team erwartet Sie auch in diesem Jahr um mit Ihnen Enduro oder DH zu entdecken oder zu verbessern. Wir bieten auch Entdeckugsfahrten mit dem Elektrofahrrad an. Ab dem 4. Juni wird unser B\u00fcro in Crans an den Wochenenden ge\u00f6ffnet sein, um Sie direkt bei der Abfahrt der Lifte zu empfangen, und ab Juli wird es jeden Tag ge\u00f6ffnet sein.<\/p>\n<p>Unsere Kurse sind f\u00fcr alle Altersgruppen und Stufen geeignet, f\u00fcr Gruppen sowie f\u00fcr Einzelpersonen.<\/p>\n<p><strong>Kontaktieren Sie uns f\u00fcr weitere Informationen und um einen Kurs mit unseren F\u00fchrern zu buchen!<\/strong><\/p>\n<style>.video iframe { width: 100%; height: 100%; position: absolute; top: 0; bottom: 0; left: 0; right: 0;}<\/style>\n<div class=\"video\" style=\"position: relative; padding-bottom: 56.25%; height: 0;\"><iframe loading=\"lazy\" title=\"Enduro Session in Crans Montana\" width=\"500\" height=\"281\" src=\"https:\/\/www.youtube.com\/embed\/omTz0RB1sLM?feature=oembed\" frameborder=\"0\" allow=\"accelerometer; autoplay; clipboard-write; encrypted-media; gyroscope; picture-in-picture; web-share\" referrerpolicy=\"strict-origin-when-cross-origin\" allowfullscreen><\/iframe><\/div>\n<p>https:\/\/youtu.be\/i8mxLGHoWo0<\/p>","protected":false},"excerpt":{"rendered":"<p>Unsere Bikeschule ist ge\u00f6ffnet. Unser motiviertes Team erwartet Sie auch in diesem Jahr um mit Ihnen Enduro oder DH zu [&hellip;]<\/p>\n","protected":false},"author":7,"featured_media":3515,"comment_status":"open","ping_status":"open","sticky":false,"template":"","format":"standard","meta":{"footnotes":"","fecha_evento":""},"categories":[3,2],"tags":[38],"_links":{"self":[{"href":"https:\/\/esscrans-montana.ch\/de\/wp-json\/wp\/v2\/posts\/3398"}],"collection":[{"href":"https:\/\/esscrans-montana.ch\/de\/wp-json\/wp\/v2\/posts"}],"about":[{"href":"https:\/\/esscrans-montana.ch\/de\/wp-json\/wp\/v2\/types\/post"}],"author":[{"embeddable":true,"href":"https:\/\/esscrans-montana.ch\/de\/wp-json\/wp\/v2\/users\/7"}],"replies":[{"embeddable":true,"href":"https:\/\/esscrans-montana.ch\/de\/wp-json\/wp\/v2\/comments?post=3398"}],"version-history":[{"count":28,"href":"https:\/\/esscrans-montana.ch\/de\/wp-json\/wp\/v2\/posts\/3398\/revisions"}],"predecessor-version":[{"id":7357,"href":"https:\/\/esscrans-montana.ch\/de\/wp-json\/wp\/v2\/posts\/3398\/revisions\/7357"}],"wp:featuredmedia":[{"embeddable":true,"href":"https:\/\/esscrans-montana.ch\/de\/wp-json\/wp\/v2\/media\/3515"}],"wp:attachment":[{"href":"https:\/\/esscrans-montana.ch\/de\/wp-json\/wp\/v2\/media?parent=3398"}],"wp:term":[{"taxonomy":"category","embeddable":true,"href":"https:\/\/esscrans-montana.ch\/de\/wp-json\/wp\/v2\/categories?post=3398"},{"taxonomy":"post_tag","embeddable":true,"href":"https:\/\/esscrans-montana.ch\/de\/wp-json\/wp\/v2\/tags?post=3398"}],"curies":[{"name":"wp","href":"https:\/\/api.w.org\/{rel}","templated":true}]}}