{"id":3434,"date":"2026-04-10T10:00:49","date_gmt":"2026-04-10T08:00:49","guid":{"rendered":"http:\/\/esscrans-montana.ch\/?p=3434"},"modified":"2026-07-21T10:40:33","modified_gmt":"2026-07-21T08:40:33","slug":"camp","status":"publish","type":"post","link":"https:\/\/esscrans-montana.ch\/de\/camp\/","title":{"rendered":"Camp+"},"content":{"rendered":"<p>Das Camp + ist f\u00fcr Kinder vorgesehen, welche sich in Gruppen am\u00fcsieren m\u00f6chten. Eine grosse Palette verschiedener Aktivit\u00e4ten sind vorgesehen:\u00a0 entdecken der Berge mit einer Auffahrt zum Gletscher Plaine Morte, ein Treffen mit Eichh\u00f6rnchen, einen Tag in einer Farm, ein Abenteuertag auf den Inseln in Sion sowie viele andere \u00dcberraschungen.<\/p>\n<p>Daten : 29 juni bis 23 August 2026<\/p>\n<p>Zeiten: t\u00e4glich von 10:00 Uhr bis 16:15 Uhr.<br \/>\nAlter: von 6 bis 12 Jahre.<\/p>\n<p>Preise: 150,- CHF pro Tag oder<br \/>\n595.- CHF f\u00fcr 5 aufeinander folgende Tage.<\/p>\n<p>Bitte einplanen: dem Wetter anpassende gute Schuhe und Kleidung.<\/p>\n<p>Das Camp + findet nur ab einer Mindestzahl von 3 Teilnehmern statt.<\/p>\n<p><strong>Programm Sommer 2026<\/strong><\/p>\n<p><a href=\"https:\/\/esscrans-montana.ch\/wp-content\/uploads\/2026\/07\/Programme.pdf\">Vom 29. juni bis 23. August<\/a><\/p>\n<p>https:\/\/youtu.be\/VSr5uXdT4lQ<\/p>","protected":false},"excerpt":{"rendered":"<p>Das Camp + ist f\u00fcr Kinder vorgesehen, welche sich in Gruppen am\u00fcsieren m\u00f6chten. Eine grosse Palette verschiedener Aktivit\u00e4ten sind vorgesehen:\u00a0 [&hellip;]<\/p>\n","protected":false},"author":7,"featured_media":7346,"comment_status":"open","ping_status":"open","sticky":false,"template":"","format":"standard","meta":{"footnotes":"","fecha_evento":""},"categories":[3,50],"tags":[31,11],"_links":{"self":[{"href":"https:\/\/esscrans-montana.ch\/de\/wp-json\/wp\/v2\/posts\/3434"}],"collection":[{"href":"https:\/\/esscrans-montana.ch\/de\/wp-json\/wp\/v2\/posts"}],"about":[{"href":"https:\/\/esscrans-montana.ch\/de\/wp-json\/wp\/v2\/types\/post"}],"author":[{"embeddable":true,"href":"https:\/\/esscrans-montana.ch\/de\/wp-json\/wp\/v2\/users\/7"}],"replies":[{"embeddable":true,"href":"https:\/\/esscrans-montana.ch\/de\/wp-json\/wp\/v2\/comments?post=3434"}],"version-history":[{"count":234,"href":"https:\/\/esscrans-montana.ch\/de\/wp-json\/wp\/v2\/posts\/3434\/revisions"}],"predecessor-version":[{"id":7523,"href":"https:\/\/esscrans-montana.ch\/de\/wp-json\/wp\/v2\/posts\/3434\/revisions\/7523"}],"wp:featuredmedia":[{"embeddable":true,"href":"https:\/\/esscrans-montana.ch\/de\/wp-json\/wp\/v2\/media\/7346"}],"wp:attachment":[{"href":"https:\/\/esscrans-montana.ch\/de\/wp-json\/wp\/v2\/media?parent=3434"}],"wp:term":[{"taxonomy":"category","embeddable":true,"href":"https:\/\/esscrans-montana.ch\/de\/wp-json\/wp\/v2\/categories?post=3434"},{"taxonomy":"post_tag","embeddable":true,"href":"https:\/\/esscrans-montana.ch\/de\/wp-json\/wp\/v2\/tags?post=3434"}],"curies":[{"name":"wp","href":"https:\/\/api.w.org\/{rel}","templated":true}]}}