{"id":3869,"date":"2021-09-01T16:41:07","date_gmt":"2021-09-01T14:41:07","guid":{"rendered":"http:\/\/esscrans-montana.ch\/?p=3869"},"modified":"2024-10-21T09:10:02","modified_gmt":"2024-10-21T07:10:02","slug":"biathlon","status":"publish","type":"post","link":"https:\/\/esscrans-montana.ch\/de\/biathlon\/","title":{"rendered":"Biathlon"},"content":{"rendered":"<p>Kombinieren Sie Ausdauer und Pr\u00e4zision, Ruhe und Reaktionsf\u00e4higkeit, indem Sie an unserer Biathlon-Einf\u00fchrung teilnehmen! Verr\u00fcckte Lacher sind nicht ausgeschlossen !<\/p>\n<p>Wann : Alle Dienstag in der Saison je nach Teilnehmerzahl<br \/>\nPreise : 70.- \/ min. 3 Leute<br \/>\nFahrpl\u00e4ne : 16h00 &#8211; 18h00<br \/>\nTreffpunkt : Golf<\/p>","protected":false},"excerpt":{"rendered":"<p>Kombinieren Sie Ausdauer und Pr\u00e4zision, Ruhe und Reaktionsf\u00e4higkeit, indem Sie an unserer Biathlon-Einf\u00fchrung teilnehmen! Verr\u00fcckte Lacher sind nicht ausgeschlossen ! [&hellip;]<\/p>\n","protected":false},"author":3,"featured_media":5158,"comment_status":"open","ping_status":"open","sticky":false,"template":"","format":"standard","meta":{"footnotes":"","fecha_evento":""},"categories":[39],"tags":[31,40],"_links":{"self":[{"href":"https:\/\/esscrans-montana.ch\/de\/wp-json\/wp\/v2\/posts\/3869"}],"collection":[{"href":"https:\/\/esscrans-montana.ch\/de\/wp-json\/wp\/v2\/posts"}],"about":[{"href":"https:\/\/esscrans-montana.ch\/de\/wp-json\/wp\/v2\/types\/post"}],"author":[{"embeddable":true,"href":"https:\/\/esscrans-montana.ch\/de\/wp-json\/wp\/v2\/users\/3"}],"replies":[{"embeddable":true,"href":"https:\/\/esscrans-montana.ch\/de\/wp-json\/wp\/v2\/comments?post=3869"}],"version-history":[{"count":9,"href":"https:\/\/esscrans-montana.ch\/de\/wp-json\/wp\/v2\/posts\/3869\/revisions"}],"predecessor-version":[{"id":6195,"href":"https:\/\/esscrans-montana.ch\/de\/wp-json\/wp\/v2\/posts\/3869\/revisions\/6195"}],"wp:featuredmedia":[{"embeddable":true,"href":"https:\/\/esscrans-montana.ch\/de\/wp-json\/wp\/v2\/media\/5158"}],"wp:attachment":[{"href":"https:\/\/esscrans-montana.ch\/de\/wp-json\/wp\/v2\/media?parent=3869"}],"wp:term":[{"taxonomy":"category","embeddable":true,"href":"https:\/\/esscrans-montana.ch\/de\/wp-json\/wp\/v2\/categories?post=3869"},{"taxonomy":"post_tag","embeddable":true,"href":"https:\/\/esscrans-montana.ch\/de\/wp-json\/wp\/v2\/tags?post=3869"}],"curies":[{"name":"wp","href":"https:\/\/api.w.org\/{rel}","templated":true}]}}