{"id":4160,"date":"2020-07-27T12:38:08","date_gmt":"2020-07-27T10:38:08","guid":{"rendered":"http:\/\/esscrans-montana.ch\/?p=4160"},"modified":"2020-07-27T12:39:39","modified_gmt":"2020-07-27T10:39:39","slug":"action-promotionnelle-bon-de-100-valais-wallis","status":"publish","type":"post","link":"https:\/\/esscrans-montana.ch\/de\/action-promotionnelle-bon-de-100-valais-wallis\/","title":{"rendered":"Werbeaktion \u00ab 100 Franken Gutschein \u00bb"},"content":{"rendered":"<p>BLEIBEN SIE WIE SIE SIND. UND PROFITIEREN SIE JETZT NOCH MEHR.<\/p>\n<p>Profitieren Sie noch mehr von Ihren Ferien im Wallis ! Erst\u00fcrmen Sie die Gipfel mit den Bergbahnen, leihen Sie sich ein Mountainbike, schlemmen Sie f\u00fcrstlich im Restaurant oder erholen Sie sich im Thermalbad, besichtigen Sie die Museen oder kaufen Sie lokale Produkte ein. Mit dieser Werbeaktion stehen Ihnen viele Angebote offen, bei denen Sie dennoch Ihren Geldbeutel schonen. Bei einem Aufenthalt im Wallis zwischen 27. Juli und 15. Dezember erhalten Sie einen Gutschein im Wert von 100 Franken, den Sie bei allen teilnehmenden Gesch\u00e4ften und Dienstleistern einl\u00f6sen k\u00f6nnen.<\/p>\n<p>Die Gutscheine werden bei der Buchung von mindestens zwei aufeinanderfolgenden \u00dcbernachtungen in einem Hotel, von mindestens vier aufeinanderfolgenden \u00dcbernachtungen in einer Ferienunterkunft oder von von mindestens sieben aufeinanderfolgenden \u00dcbernachtungen auf einem Campingplatz im Zeitraum 27.7. bis 15.12.2020 ausgegeben, so lange das Kontingent von 100&#8217;000 Gutscheinen nicht ausgesch\u00f6pft ist. Die Gutscheine sind 30 Tage ab dem Datum ihrer Ausstellung g\u00fcltig.<\/p>\n<p>www.wallis.ch\/100<br \/>\n<\/p>","protected":false},"excerpt":{"rendered":"<p>BLEIBEN SIE WIE SIE SIND. UND PROFITIEREN SIE JETZT NOCH MEHR. Profitieren Sie noch mehr von Ihren Ferien im Wallis [&hellip;]<\/p>\n","protected":false},"author":3,"featured_media":4162,"comment_status":"open","ping_status":"open","sticky":false,"template":"","format":"standard","meta":{"footnotes":"","fecha_evento":""},"categories":[1],"tags":[],"_links":{"self":[{"href":"https:\/\/esscrans-montana.ch\/de\/wp-json\/wp\/v2\/posts\/4160"}],"collection":[{"href":"https:\/\/esscrans-montana.ch\/de\/wp-json\/wp\/v2\/posts"}],"about":[{"href":"https:\/\/esscrans-montana.ch\/de\/wp-json\/wp\/v2\/types\/post"}],"author":[{"embeddable":true,"href":"https:\/\/esscrans-montana.ch\/de\/wp-json\/wp\/v2\/users\/3"}],"replies":[{"embeddable":true,"href":"https:\/\/esscrans-montana.ch\/de\/wp-json\/wp\/v2\/comments?post=4160"}],"version-history":[{"count":1,"href":"https:\/\/esscrans-montana.ch\/de\/wp-json\/wp\/v2\/posts\/4160\/revisions"}],"predecessor-version":[{"id":4161,"href":"https:\/\/esscrans-montana.ch\/de\/wp-json\/wp\/v2\/posts\/4160\/revisions\/4161"}],"wp:featuredmedia":[{"embeddable":true,"href":"https:\/\/esscrans-montana.ch\/de\/wp-json\/wp\/v2\/media\/4162"}],"wp:attachment":[{"href":"https:\/\/esscrans-montana.ch\/de\/wp-json\/wp\/v2\/media?parent=4160"}],"wp:term":[{"taxonomy":"category","embeddable":true,"href":"https:\/\/esscrans-montana.ch\/de\/wp-json\/wp\/v2\/categories?post=4160"},{"taxonomy":"post_tag","embeddable":true,"href":"https:\/\/esscrans-montana.ch\/de\/wp-json\/wp\/v2\/tags?post=4160"}],"curies":[{"name":"wp","href":"https:\/\/api.w.org\/{rel}","templated":true}]}}