{"id":44,"date":"2020-09-01T14:11:09","date_gmt":"2020-09-01T12:11:09","guid":{"rendered":"http:\/\/localhost:8888\/?p=44"},"modified":"2022-02-14T21:48:47","modified_gmt":"2022-02-14T20:48:47","slug":"vipclub","status":"publish","type":"post","link":"https:\/\/esscrans-montana.ch\/de\/vipclub\/","title":{"rendered":"KIDS Club <sup style=\"font-size: 1.1em; font-weight: 500;\">+<\/sup>"},"content":{"rendered":"<p>Die KIDSclub<sup style=\"font-size: 20px; font-weight: 500;\">+<\/sup> Kurse sind nur w\u00e4hrend der Hochsaison und f\u00fcr Kinder im Alter von 4-6 Jahren (Snowli) und 7 bis 11 Jahren (Mini) ge\u00f6ffnet. Die Teilnehmerzahl pro Gruppe ist auf 5 beschr\u00e4nkt.<\/p>\n<p>Treffpunkt aller Gruppen ist auf dem Golfplatz in Crans oder\u00a0in Montana an der Bergstation Arnouva (Signal)<\/p>\n<h5>Im Programm<\/h5>\n<p>Skirennen am Freitag, Swiss Snow League Test und vor allem viel Spass beim Skifahren und Lernen.<\/p>\n<p>&#8211; Snowliclub (4 bis 6 Jahre) &#8211; Miniclub (7 bis 11 Jahre)<\/p>\n<p><strong>Treffpunkt<\/strong><br \/>\nArnouva : Alle Stufen<br \/>\nCrans : MINIClub (rot &amp; Schwarz)<\/p>\n<h5>Unterrichtsstunden<\/h5>\n<p>10:15 Uhr \u2013 12:45 Uhr<\/p>\n<h5>Preise<\/h5>\n<p>1 Vormittag: CHF 100.-<br \/>\n5 Vormittage: CHF 395.-<\/p>\n<p><strong>BEGLEITOPTION ARNOUVA :<\/strong> Von dort aus k\u00f6nnen sie dann gemeinsam von Ihrem Skilehrer zum Snowli, bzw. Miniklub begleitet werden. Diese aussergew\u00f6hnliche Betreuung kostet 10.00 Sfr pro Tag extra.<\/p>","protected":false},"excerpt":{"rendered":"<p>Die KIDSclub+ Kurse sind nur w\u00e4hrend der Hochsaison und f\u00fcr Kinder im Alter von 4-6 Jahren (Snowli) und 7 bis [&hellip;]<\/p>\n","protected":false},"author":1,"featured_media":5155,"comment_status":"open","ping_status":"open","sticky":false,"template":"","format":"standard","meta":{"footnotes":"","fecha_evento":""},"categories":[4],"tags":[31,11,23,24],"_links":{"self":[{"href":"https:\/\/esscrans-montana.ch\/de\/wp-json\/wp\/v2\/posts\/44"}],"collection":[{"href":"https:\/\/esscrans-montana.ch\/de\/wp-json\/wp\/v2\/posts"}],"about":[{"href":"https:\/\/esscrans-montana.ch\/de\/wp-json\/wp\/v2\/types\/post"}],"author":[{"embeddable":true,"href":"https:\/\/esscrans-montana.ch\/de\/wp-json\/wp\/v2\/users\/1"}],"replies":[{"embeddable":true,"href":"https:\/\/esscrans-montana.ch\/de\/wp-json\/wp\/v2\/comments?post=44"}],"version-history":[{"count":54,"href":"https:\/\/esscrans-montana.ch\/de\/wp-json\/wp\/v2\/posts\/44\/revisions"}],"predecessor-version":[{"id":4916,"href":"https:\/\/esscrans-montana.ch\/de\/wp-json\/wp\/v2\/posts\/44\/revisions\/4916"}],"wp:featuredmedia":[{"embeddable":true,"href":"https:\/\/esscrans-montana.ch\/de\/wp-json\/wp\/v2\/media\/5155"}],"wp:attachment":[{"href":"https:\/\/esscrans-montana.ch\/de\/wp-json\/wp\/v2\/media?parent=44"}],"wp:term":[{"taxonomy":"category","embeddable":true,"href":"https:\/\/esscrans-montana.ch\/de\/wp-json\/wp\/v2\/categories?post=44"},{"taxonomy":"post_tag","embeddable":true,"href":"https:\/\/esscrans-montana.ch\/de\/wp-json\/wp\/v2\/tags?post=44"}],"curies":[{"name":"wp","href":"https:\/\/api.w.org\/{rel}","templated":true}]}}