{"id":4987,"date":"2021-11-16T14:14:44","date_gmt":"2021-11-16T13:14:44","guid":{"rendered":"https:\/\/esscrans-montana.ch\/?p=4987"},"modified":"2021-12-21T13:36:55","modified_gmt":"2021-12-21T12:36:55","slug":"cours-protect","status":"publish","type":"post","link":"https:\/\/esscrans-montana.ch\/de\/cours-protect\/","title":{"rendered":"Versicherung &#8222;Cours Protect&#8220;"},"content":{"rendered":"<p>Mit unserer &#8222;<strong>Cours Protect<\/strong>&#8222;-Versicherung bieten wir Ihnen f\u00fcr CHF 5.- pro Tag und pro Person eine Versicherung gegen Unf\u00e4lle, Krankheit oder Totalausfall der Skilifte. Die nicht in Anspruch genommenen Leistungen werden Ihnen gegen Vorlage eines \u00e4rztlichen Attests in voller H\u00f6he erstattet. Unsere Versicherung gilt f\u00fcr ALLE unsere Kurse, sowohl im Winter als auch im Sommer. Z\u00f6gern Sie nicht, uns f\u00fcr weitere Informationen zu kontaktieren.<\/p>\n<p>&nbsp;<\/p>","protected":false},"excerpt":{"rendered":"<p>Mit unserer &#8222;Cours Protect&#8222;-Versicherung bieten wir Ihnen f\u00fcr CHF 5.- pro Tag und pro Person eine Versicherung gegen Unf\u00e4lle, Krankheit [&hellip;]<\/p>\n","protected":false},"author":8,"featured_media":0,"comment_status":"open","ping_status":"open","sticky":false,"template":"","format":"standard","meta":{"footnotes":"","fecha_evento":""},"categories":[1],"tags":[],"_links":{"self":[{"href":"https:\/\/esscrans-montana.ch\/de\/wp-json\/wp\/v2\/posts\/4987"}],"collection":[{"href":"https:\/\/esscrans-montana.ch\/de\/wp-json\/wp\/v2\/posts"}],"about":[{"href":"https:\/\/esscrans-montana.ch\/de\/wp-json\/wp\/v2\/types\/post"}],"author":[{"embeddable":true,"href":"https:\/\/esscrans-montana.ch\/de\/wp-json\/wp\/v2\/users\/8"}],"replies":[{"embeddable":true,"href":"https:\/\/esscrans-montana.ch\/de\/wp-json\/wp\/v2\/comments?post=4987"}],"version-history":[{"count":3,"href":"https:\/\/esscrans-montana.ch\/de\/wp-json\/wp\/v2\/posts\/4987\/revisions"}],"predecessor-version":[{"id":4990,"href":"https:\/\/esscrans-montana.ch\/de\/wp-json\/wp\/v2\/posts\/4987\/revisions\/4990"}],"wp:attachment":[{"href":"https:\/\/esscrans-montana.ch\/de\/wp-json\/wp\/v2\/media?parent=4987"}],"wp:term":[{"taxonomy":"category","embeddable":true,"href":"https:\/\/esscrans-montana.ch\/de\/wp-json\/wp\/v2\/categories?post=4987"},{"taxonomy":"post_tag","embeddable":true,"href":"https:\/\/esscrans-montana.ch\/de\/wp-json\/wp\/v2\/tags?post=4987"}],"curies":[{"name":"wp","href":"https:\/\/api.w.org\/{rel}","templated":true}]}}