{"id":58,"date":"2020-09-01T19:39:29","date_gmt":"2020-09-01T17:39:29","guid":{"rendered":"http:\/\/localhost:8888\/?p=58"},"modified":"2026-02-09T18:20:40","modified_gmt":"2026-02-09T17:20:40","slug":"cours-prives-ski","status":"publish","type":"post","link":"https:\/\/esscrans-montana.ch\/de\/cours-prives-ski\/","title":{"rendered":"Privatunterricht"},"content":{"rendered":"<p>Ihr ganz individuelles Programm ! Anf\u00e4nger oder Experte, vorsichtig oder tollk\u00fchn, wir haben f\u00fcr Sie Ihren pers\u00f6nlichen Coach. Gemeinsam setzen Sie Ihre Ziele fest und entdecken dabei die sch\u00f6nsten Landschaften.<\/p>\n<h5>Preise f\u00fcr Privatkurse<\/h5>\n<p><strong>HAUPTSAISON &#8211;\u00a0MORGEN<\/strong><br \/>\nMinimum 3 Stunden (09Uhr bis 12Uhr oder 09Uhr30\u00a0bis 12Uhr30)<br \/>\nCHF 270.- (+ CHF 30.- CHF f\u00fcr jede zus\u00e4tzliche Person)<\/p>\n<p><strong>HAUPTSAISON &#8211; TAF<\/strong><br \/>\n1 Tag \/ 1-2 Person(en)<br \/>\nCHF 500.- (+CHF 50.- f\u00fcr jede zus\u00e4tzliche Person=<\/p>\n<p><strong>NEBENSAISON (und Nachmittag Hauptsaison)<br \/>\n<\/strong>1 Stunde \/ 1 Person :<br \/>\n80.- SFr (+ 10 SFr f\u00fcr jede zus\u00e4tzliche Person)<\/p>\n<p><strong>NEBENSAISON &#8211; Tag<br \/>\n<\/strong>1 Tag \/ 1-2 Person(en) :<br \/>\n450.- SFr (+ 50SFr f\u00fcr jede zus\u00e4tzliche Person)<\/p>\n<p>&nbsp;<\/p>\n<p><strong>Sur demande<\/strong><br \/>\nNous proposons \u00e9galement des cours priv\u00e9s de <strong>Snowbike, T\u00e9l\u00e9mark, Ski de fonds, Ballades en raquettes, Freeride, Freestyle&#8230;<\/strong><\/p>","protected":false},"excerpt":{"rendered":"<p>Ihr ganz individuelles Programm ! Anf\u00e4nger oder Experte, vorsichtig oder tollk\u00fchn, wir haben f\u00fcr Sie Ihren pers\u00f6nlichen Coach. Gemeinsam setzen [&hellip;]<\/p>\n","protected":false},"author":1,"featured_media":5148,"comment_status":"open","ping_status":"open","sticky":false,"template":"","format":"standard","meta":{"footnotes":"","fecha_evento":""},"categories":[6],"tags":[31,11,24],"_links":{"self":[{"href":"https:\/\/esscrans-montana.ch\/de\/wp-json\/wp\/v2\/posts\/58"}],"collection":[{"href":"https:\/\/esscrans-montana.ch\/de\/wp-json\/wp\/v2\/posts"}],"about":[{"href":"https:\/\/esscrans-montana.ch\/de\/wp-json\/wp\/v2\/types\/post"}],"author":[{"embeddable":true,"href":"https:\/\/esscrans-montana.ch\/de\/wp-json\/wp\/v2\/users\/1"}],"replies":[{"embeddable":true,"href":"https:\/\/esscrans-montana.ch\/de\/wp-json\/wp\/v2\/comments?post=58"}],"version-history":[{"count":44,"href":"https:\/\/esscrans-montana.ch\/de\/wp-json\/wp\/v2\/posts\/58\/revisions"}],"predecessor-version":[{"id":7219,"href":"https:\/\/esscrans-montana.ch\/de\/wp-json\/wp\/v2\/posts\/58\/revisions\/7219"}],"wp:featuredmedia":[{"embeddable":true,"href":"https:\/\/esscrans-montana.ch\/de\/wp-json\/wp\/v2\/media\/5148"}],"wp:attachment":[{"href":"https:\/\/esscrans-montana.ch\/de\/wp-json\/wp\/v2\/media?parent=58"}],"wp:term":[{"taxonomy":"category","embeddable":true,"href":"https:\/\/esscrans-montana.ch\/de\/wp-json\/wp\/v2\/categories?post=58"},{"taxonomy":"post_tag","embeddable":true,"href":"https:\/\/esscrans-montana.ch\/de\/wp-json\/wp\/v2\/tags?post=58"}],"curies":[{"name":"wp","href":"https:\/\/api.w.org\/{rel}","templated":true}]}}