{"id":6107,"date":"2025-04-14T11:37:22","date_gmt":"2025-04-14T09:37:22","guid":{"rendered":"https:\/\/esscrans-montana.ch\/?p=6107"},"modified":"2026-06-15T11:14:45","modified_gmt":"2026-06-15T09:14:45","slug":"dh-juniors-club","status":"publish","type":"post","link":"https:\/\/esscrans-montana.ch\/de\/dh-juniors-club\/","title":{"rendered":"DH JUNIORS CLUB"},"content":{"rendered":"<p><strong>Beschreibung der Aktivit\u00e4ten :<\/strong> Den ganzen Sommer \u00fcber k\u00f6nnen Sie in diesen DH-orientierten Kursen Ihre F\u00e4higkeiten und Ihre Technik verbessern und gleichzeitig die Praxis des Enduro- und Trial-Mountainbikens entdecken. Das Spielfeld wird nat\u00fcrlich der Crans-Montana Bike Park sein, und das Ziel wird sein, alle Hindernisse der verschiedenen Strecken in aller Sicherheit zu meistern. Die Endurostrecken und Pumptracks der Region werden diese Spielwiese noch erweitern und Ihre F\u00e4higkeiten auf dem Fahrrad noch weiter verbessern.<\/p>\n<p><strong>Betreuung :<\/strong> Luis ,\u00a0 Bergprofis mit einer Leidenschaft f\u00fcr DH, Enduro und Trial, werden w\u00e4hrend der gesamten Kurse anwesend sein, um ihre Leidenschaft zu teilen und Ihnen in aller Sicherheit Fortschritte zu erm\u00f6glichen.<\/p>\n<p><strong>F\u00fcr wen sind die Kurse geeignet ?<\/strong> Jugendliche zwischen 7 und 16 Jahren,<\/p>\n<p><strong>Niveau:<\/strong> Fortgeschrittene (blaue Strecken) ab 7 Jahren<\/p>\n<p>Experten (rote Strecken) ab 9 Jahren<\/p>\n<p><strong>Programm :<\/strong> 13 Samstage von 9:30 bis 12:30 Uhr \/ RDV ab der Kabine in Crans (Daten: vom 20. Juni bis zum 11. Juli und vom 15. August bis zum 17. Oktober 2026)<\/p>\n<p><strong>Ausr\u00fcstung :<\/strong> Vollst\u00e4ndiges Mountainbike (DH oder Enduro), Integralhelm, Knieschoner, Handschuhe, Ellbogensch\u00fctzer, R\u00fcckenschutz und wetterangepasste Kleidung. Die Teilnehmer m\u00fcssen im Besitz einer g\u00fcltigen Liftkarte oder eines anderen Transportmittels (z. B. Seilbahn) sein. Hinweis: Wenn der Trainer der Meinung ist, dass ein Kind nicht ausreichend ausger\u00fcstet ist, kann er den Kurs ablehnen.<\/p>\n<p><strong>Kurspreise :<\/strong> Saison = CHF 460.- \/ 10-Kurs-Paket = CHF 380.- \/ 1 Sitzung = CHF 60.- (Teilnehmer der Saison sowie des 10-Kurs-Pakets erhalten einen Junior DH Club Bike Pullover.<\/p>\n<p><strong>Anmeldung und Informationen :<\/strong> Anmeldefrist bis zum 15. Juni 2026 \/ ESS Crans-Montana, Routes de Arolles 2, 3963 Crans-Montana \/ info@esscrans-montana.ch \/ 027 481 14 80.<\/p>\n<p>&nbsp;<\/p>","protected":false},"excerpt":{"rendered":"<p>Beschreibung der Aktivit\u00e4ten : Den ganzen Sommer \u00fcber k\u00f6nnen Sie in diesen DH-orientierten Kursen Ihre F\u00e4higkeiten und Ihre Technik verbessern [&hellip;]<\/p>\n","protected":false},"author":7,"featured_media":6110,"comment_status":"open","ping_status":"open","sticky":false,"template":"","format":"standard","meta":{"footnotes":"","fecha_evento":""},"categories":[3,9],"tags":[],"_links":{"self":[{"href":"https:\/\/esscrans-montana.ch\/de\/wp-json\/wp\/v2\/posts\/6107"}],"collection":[{"href":"https:\/\/esscrans-montana.ch\/de\/wp-json\/wp\/v2\/posts"}],"about":[{"href":"https:\/\/esscrans-montana.ch\/de\/wp-json\/wp\/v2\/types\/post"}],"author":[{"embeddable":true,"href":"https:\/\/esscrans-montana.ch\/de\/wp-json\/wp\/v2\/users\/7"}],"replies":[{"embeddable":true,"href":"https:\/\/esscrans-montana.ch\/de\/wp-json\/wp\/v2\/comments?post=6107"}],"version-history":[{"count":15,"href":"https:\/\/esscrans-montana.ch\/de\/wp-json\/wp\/v2\/posts\/6107\/revisions"}],"predecessor-version":[{"id":7507,"href":"https:\/\/esscrans-montana.ch\/de\/wp-json\/wp\/v2\/posts\/6107\/revisions\/7507"}],"wp:featuredmedia":[{"embeddable":true,"href":"https:\/\/esscrans-montana.ch\/de\/wp-json\/wp\/v2\/media\/6110"}],"wp:attachment":[{"href":"https:\/\/esscrans-montana.ch\/de\/wp-json\/wp\/v2\/media?parent=6107"}],"wp:term":[{"taxonomy":"category","embeddable":true,"href":"https:\/\/esscrans-montana.ch\/de\/wp-json\/wp\/v2\/categories?post=6107"},{"taxonomy":"post_tag","embeddable":true,"href":"https:\/\/esscrans-montana.ch\/de\/wp-json\/wp\/v2\/tags?post=6107"}],"curies":[{"name":"wp","href":"https:\/\/api.w.org\/{rel}","templated":true}]}}