{"id":659,"date":"2016-09-07T10:24:59","date_gmt":"2016-09-07T08:24:59","guid":{"rendered":"http:\/\/data.cranskischool.ch\/ess\/?p=659"},"modified":"2021-11-03T06:07:01","modified_gmt":"2021-11-03T05:07:01","slug":"course-de-ski","status":"publish","type":"post","link":"https:\/\/esscrans-montana.ch\/de\/course-de-ski\/","title":{"rendered":"Skirennen"},"content":{"rendered":"<p>Sie m\u00f6chten ein Skirennen f\u00fcr eine Gruppe oder f\u00fcr Ihr Unternehmen organisieren? Wir bieten Ihnen ein auf Ihre W\u00fcnsche eingehendes ma\u00dfgeschneidertes Programm an<\/p>\n<p>Slalomhang mit Starthaus und Ziel .<\/p>\n<p>Streckenl\u00e4nge: 300 m; H\u00f6heunterschied: 100m.<\/p>\n<p>Bereitstellung und Abstecken des Laufes\/L\u00e4ufe<\/p>\n<p>Bereitstellung und Verteilung der Startnummern<\/p>\n<p>Zeitmessung und Erstellung der Resultate<\/p>\n<p>Preis:<\/p>\n<p>Bis zu 50 Teilnehmer: CHF 900.- f\u00fcr 1 Lauf \/\/ CHF 1200 f\u00fcr 2 L\u00e4ufe<\/p>\n<p>Ab 51 bis 100 Teilnehmer: CHF 1.000 f\u00fcr 1 Lauf \/\/ 1.400 CHF f\u00fcr 2 L\u00e4ufe<\/p>\n<p>Ab101 bis 150 Teilnehmer: CHF 1&#8217;100.- bis CHF 1&#8217;600.- 1 Lauf\/\/ 2 L\u00e4ufe<\/p>\n<p>Preis f\u00fcr mehr Teilnehmer auf Anfrage<\/p>\n<p>&nbsp;<\/p>\n<p><strong>Fakultativ<\/strong><\/p>\n<p>Sprecher &amp; Musik: CHF 300 f\u00fcr 1 Lauf \/\/CHF 350.- f\u00fcr 2 L\u00e4ufe<\/p>\n<p>Fotos auf CD geliefert: CHF 300 f\u00fcr 1 Lauf \/\/ CHF 350.- F\u00fcr 2 L\u00e4ufe<\/p>\n<p>Aperitif\u00a0: Ab CHF 5.- bis CHF 20.-\/Person<\/p>","protected":false},"excerpt":{"rendered":"<p>Sie m\u00f6chten ein Skirennen f\u00fcr eine Gruppe oder f\u00fcr Ihr Unternehmen organisieren? Wir bieten Ihnen ein auf Ihre W\u00fcnsche eingehendes [&hellip;]<\/p>\n","protected":false},"author":1,"featured_media":4941,"comment_status":"open","ping_status":"open","sticky":false,"template":"","format":"standard","meta":{"footnotes":"","fecha_evento":""},"categories":[8],"tags":[11],"_links":{"self":[{"href":"https:\/\/esscrans-montana.ch\/de\/wp-json\/wp\/v2\/posts\/659"}],"collection":[{"href":"https:\/\/esscrans-montana.ch\/de\/wp-json\/wp\/v2\/posts"}],"about":[{"href":"https:\/\/esscrans-montana.ch\/de\/wp-json\/wp\/v2\/types\/post"}],"author":[{"embeddable":true,"href":"https:\/\/esscrans-montana.ch\/de\/wp-json\/wp\/v2\/users\/1"}],"replies":[{"embeddable":true,"href":"https:\/\/esscrans-montana.ch\/de\/wp-json\/wp\/v2\/comments?post=659"}],"version-history":[{"count":9,"href":"https:\/\/esscrans-montana.ch\/de\/wp-json\/wp\/v2\/posts\/659\/revisions"}],"predecessor-version":[{"id":4942,"href":"https:\/\/esscrans-montana.ch\/de\/wp-json\/wp\/v2\/posts\/659\/revisions\/4942"}],"wp:featuredmedia":[{"embeddable":true,"href":"https:\/\/esscrans-montana.ch\/de\/wp-json\/wp\/v2\/media\/4941"}],"wp:attachment":[{"href":"https:\/\/esscrans-montana.ch\/de\/wp-json\/wp\/v2\/media?parent=659"}],"wp:term":[{"taxonomy":"category","embeddable":true,"href":"https:\/\/esscrans-montana.ch\/de\/wp-json\/wp\/v2\/categories?post=659"},{"taxonomy":"post_tag","embeddable":true,"href":"https:\/\/esscrans-montana.ch\/de\/wp-json\/wp\/v2\/tags?post=659"}],"curies":[{"name":"wp","href":"https:\/\/api.w.org\/{rel}","templated":true}]}}