{"id":71,"date":"2020-09-01T20:01:17","date_gmt":"2020-09-01T18:01:17","guid":{"rendered":"http:\/\/localhost:8888\/?p=71"},"modified":"2020-09-02T12:27:55","modified_gmt":"2020-09-02T10:27:55","slug":"groupe-et-entreprises","status":"publish","type":"post","link":"https:\/\/esscrans-montana.ch\/de\/groupe-et-entreprises\/","title":{"rendered":"Gruppen und unternehmen"},"content":{"rendered":"<p>Profitieren Sie von unseren Einrichtungen und unserer Erfahrung in den Bergen und lassen Sie sich von unseren Bergf\u00fchrern und Lehrern coachen. Die Infrastruktur in der Gegend von Crans-Montana ist perfekt f\u00fcr Outdoor Aktivit\u00e4ten im Winter wie im Sommer.<\/p>\n<p><img decoding=\"async\" src=\"http:\/\/www.essmontana.ch\/portalessmontana\/resrc\/default\/1_entreprises.jpg\" alt=\"illustration Entreprise\" \/><\/p>\n<h5>Beispiele f\u00fcr Aktivit\u00e4ten<\/h5>\n<ul>\n<li>Ski Wettbewerbe auf unserer Slalompiste in Cry d\u2019Er<\/li>\n<li>Betreuung von Gruppen in den folgenden Bereichen: Ski, Snowboard, Telemark, Snowbike, Rodeln, Free Ride, Heliski, Schneeschuhwandern<\/li>\n<li>Mahlzeiten in Bergrestaurants, n\u00e4chtliche Fackelabfahrten<\/li>\n<li>Multi Aktiv Programme (Team Building)<\/li>\n<li>Sommer Wanderungen in den Bergregionen<\/li>\n<li>Abenteuer Parcours und Orientationsl\u00e4ufe<\/li>\n<\/ul>\n<h5 class=\"libre\">Einige Referenzen<\/h5>\n<ul>\n<li class=\"libre\">2014\u00a0: City Ski Championships (Organisation verschiedener Rennen sowie Erstellung einer Zeltstadt auf der Piste, Animation und Mahlzeiten f\u00fcr eine Gruppe von 250 Personen).<\/li>\n<li class=\"libre\">2014\u00a0: Nestle ( Betreuung einer internationalen Gruppe von 100 Personen f\u00fcr einen Skitag, Beschaffung von Material und Skip\u00e4ssen, Organisierung der Mahlzeiten)<\/li>\n<li class=\"libre\">2010 : La B\u00e2loise (Organisierung eines Wettkampfes mit anschliessendem \u00ab Riesenraclette \u00bb f\u00fcr 500 Personen)<\/li>\n<li class=\"libre\">Seit 1926 : Organisation von sich regelm\u00e4ssig wiederholenden Aktivit\u00e4ten f\u00fcr Gruppen und Unternehmen<\/li>\n<\/ul>\n<p><strong>Kontaktieren Sie gern unser B\u00fcro per E-Mail, info@esscrans-montana.ch, oder auch telefonisch, +41 (0) 27 481 14 80, f\u00fcr weitere Informationen oder Reservierungen.<\/strong><\/p>","protected":false},"excerpt":{"rendered":"<p>Profitieren Sie von unseren Einrichtungen und unserer Erfahrung in den Bergen und lassen Sie sich von unseren Bergf\u00fchrern und Lehrern [&hellip;]<\/p>\n","protected":false},"author":1,"featured_media":0,"comment_status":"open","ping_status":"open","sticky":false,"template":"","format":"standard","meta":{"footnotes":"","fecha_evento":""},"categories":[1],"tags":[11],"_links":{"self":[{"href":"https:\/\/esscrans-montana.ch\/de\/wp-json\/wp\/v2\/posts\/71"}],"collection":[{"href":"https:\/\/esscrans-montana.ch\/de\/wp-json\/wp\/v2\/posts"}],"about":[{"href":"https:\/\/esscrans-montana.ch\/de\/wp-json\/wp\/v2\/types\/post"}],"author":[{"embeddable":true,"href":"https:\/\/esscrans-montana.ch\/de\/wp-json\/wp\/v2\/users\/1"}],"replies":[{"embeddable":true,"href":"https:\/\/esscrans-montana.ch\/de\/wp-json\/wp\/v2\/comments?post=71"}],"version-history":[{"count":12,"href":"https:\/\/esscrans-montana.ch\/de\/wp-json\/wp\/v2\/posts\/71\/revisions"}],"predecessor-version":[{"id":357,"href":"https:\/\/esscrans-montana.ch\/de\/wp-json\/wp\/v2\/posts\/71\/revisions\/357"}],"wp:attachment":[{"href":"https:\/\/esscrans-montana.ch\/de\/wp-json\/wp\/v2\/media?parent=71"}],"wp:term":[{"taxonomy":"category","embeddable":true,"href":"https:\/\/esscrans-montana.ch\/de\/wp-json\/wp\/v2\/categories?post=71"},{"taxonomy":"post_tag","embeddable":true,"href":"https:\/\/esscrans-montana.ch\/de\/wp-json\/wp\/v2\/tags?post=71"}],"curies":[{"name":"wp","href":"https:\/\/api.w.org\/{rel}","templated":true}]}}