{"id":92,"date":"2020-09-01T17:36:08","date_gmt":"2020-09-01T15:36:08","guid":{"rendered":"http:\/\/data.cranskischool.ch\/ess\/?p=92"},"modified":"2024-01-16T10:46:26","modified_gmt":"2024-01-16T09:46:26","slug":"guide-freeride","status":"publish","type":"post","link":"https:\/\/esscrans-montana.ch\/de\/guide-freeride\/","title":{"rendered":"Freeride"},"content":{"rendered":"<p><strong>Freeride<\/strong><\/p>\n<p>M\u00f6chten Sie die Freiheit des Off Piste fahren kennenlernen? Wir bieten Kurse f\u00fcr Einsteiger sowie Erfahrene an.<\/p>\n<p><strong>Praktische Infos<\/strong><\/p>\n<p>Neueinsteiger: Beherrschung der Technik auf allen Pisten ist Bedingung Sie werden das Umgehen mit der Sicherheit Ausr\u00fcstung lernen. Am Anfang werden wir nicht zu weit von den Pisten entfernt sein und k\u00f6nnen so bei M\u00fcdigkeit oder anderen Schwierigkeiten wieder auf die Piste zur\u00fcckkehren.<br \/>\nF\u00fcr K\u00f6nner: Eine gute k\u00f6rperliche Kondition und gute technische Kenntnisse sind.<br \/>\nVoraussetzung f\u00fcr diesen Kurs. Die Abfahrten k\u00f6nnen lange und vom Skigebiet entfernt sein.<\/p>\n<p><strong>Tarife<\/strong><\/p>\n<p>Tagespreis\u00a0\u00a0\u00a0\u00a0\u00a0\u00a0\u00a0\u00a0\u00a0 CHF 650.- f\u00fcr 1-2 Person (+ CHF 50.- Jede weitere Person)<\/p>\n<p>\u00bd Tag \u00a0 \u00a0 \u00a0 \u00a0 \u00a0 \u00a0 \u00a0 \u00a0 CHF 450.- f\u00fcr 1-2 Person (+ CHF 40.- Jede weitere Person)<\/p>\n<p>Material\u00a0\u00a0\u00a0\u00a0\u00a0\u00a0\u00a0\u00a0\u00a0\u00a0\u00a0\u00a0\u00a0 CHF 25.-\/ Person<br \/>\n(Schneeschaufel, Sondier Stab, DVA obligatorisch)<\/p>","protected":false},"excerpt":{"rendered":"<p>Freeride M\u00f6chten Sie die Freiheit des Off Piste fahren kennenlernen? Wir bieten Kurse f\u00fcr Einsteiger sowie Erfahrene an. Praktische Infos [&hellip;]<\/p>\n","protected":false},"author":1,"featured_media":5160,"comment_status":"open","ping_status":"open","sticky":false,"template":"","format":"standard","meta":{"footnotes":"","fecha_evento":""},"categories":[7],"tags":[11],"_links":{"self":[{"href":"https:\/\/esscrans-montana.ch\/de\/wp-json\/wp\/v2\/posts\/92"}],"collection":[{"href":"https:\/\/esscrans-montana.ch\/de\/wp-json\/wp\/v2\/posts"}],"about":[{"href":"https:\/\/esscrans-montana.ch\/de\/wp-json\/wp\/v2\/types\/post"}],"author":[{"embeddable":true,"href":"https:\/\/esscrans-montana.ch\/de\/wp-json\/wp\/v2\/users\/1"}],"replies":[{"embeddable":true,"href":"https:\/\/esscrans-montana.ch\/de\/wp-json\/wp\/v2\/comments?post=92"}],"version-history":[{"count":24,"href":"https:\/\/esscrans-montana.ch\/de\/wp-json\/wp\/v2\/posts\/92\/revisions"}],"predecessor-version":[{"id":5988,"href":"https:\/\/esscrans-montana.ch\/de\/wp-json\/wp\/v2\/posts\/92\/revisions\/5988"}],"wp:featuredmedia":[{"embeddable":true,"href":"https:\/\/esscrans-montana.ch\/de\/wp-json\/wp\/v2\/media\/5160"}],"wp:attachment":[{"href":"https:\/\/esscrans-montana.ch\/de\/wp-json\/wp\/v2\/media?parent=92"}],"wp:term":[{"taxonomy":"category","embeddable":true,"href":"https:\/\/esscrans-montana.ch\/de\/wp-json\/wp\/v2\/categories?post=92"},{"taxonomy":"post_tag","embeddable":true,"href":"https:\/\/esscrans-montana.ch\/de\/wp-json\/wp\/v2\/tags?post=92"}],"curies":[{"name":"wp","href":"https:\/\/api.w.org\/{rel}","templated":true}]}}