{"id":95,"date":"2016-08-10T17:37:36","date_gmt":"2016-08-10T15:37:36","guid":{"rendered":"http:\/\/data.cranskischool.ch\/ess\/?p=95"},"modified":"2025-12-12T07:10:02","modified_gmt":"2025-12-12T06:10:02","slug":"randonnee","status":"publish","type":"post","link":"https:\/\/esscrans-montana.ch\/de\/randonnee\/","title":{"rendered":"Wanderungen"},"content":{"rendered":"<p>Entdecken Sie die Wanderungen in aller Sicherheit in und um Crans-Montana. Ob Anf\u00e4nger oder Experte lassen Sie sich von uns begleiten und dabei in Ruhe die Natur genie\u00dfen.<\/p>\n<p>Zwischen dem Wallis und dem Kanton Bern liegend bietet das Weisshorn einen traumhaften Blick auf die n\u00f6rdlichen Alpen und dem Schweizer Mittelland. Fortgeschrittene werden durch das weiter entfernt liegende \u201eCol de la Roue\u201c wunschlos gl\u00fccklich gemacht.<\/p>\n<p><strong>Praktische Informationen<\/strong><\/p>\n<p>Weisshorn\u00a0: 2 Aufstiege von 250 und 150m \u00fcber dem Gletscher Plaine Morte. Eine sehr sch\u00f6ne Einf\u00fchrung in das Hochgebirge ohne sich dabei zu weit von der Seilbahn zu entfernen.<\/p>\n<p><strong>Preise<\/strong><\/p>\n<p>Tagespreis\u00a0\u00a0\u00a0\u00a0\u00a0\u00a0\u00a0\u00a0\u00a0 CHF 650.- f\u00fcr 1 Person (CHF 50.- jede weitere Person)<\/p>","protected":false},"excerpt":{"rendered":"<p>Entdecken Sie die Wanderungen in aller Sicherheit in und um Crans-Montana. Ob Anf\u00e4nger oder Experte lassen Sie sich von uns [&hellip;]<\/p>\n","protected":false},"author":1,"featured_media":5162,"comment_status":"open","ping_status":"open","sticky":false,"template":"","format":"standard","meta":{"footnotes":"","fecha_evento":""},"categories":[7],"tags":[11],"_links":{"self":[{"href":"https:\/\/esscrans-montana.ch\/de\/wp-json\/wp\/v2\/posts\/95"}],"collection":[{"href":"https:\/\/esscrans-montana.ch\/de\/wp-json\/wp\/v2\/posts"}],"about":[{"href":"https:\/\/esscrans-montana.ch\/de\/wp-json\/wp\/v2\/types\/post"}],"author":[{"embeddable":true,"href":"https:\/\/esscrans-montana.ch\/de\/wp-json\/wp\/v2\/users\/1"}],"replies":[{"embeddable":true,"href":"https:\/\/esscrans-montana.ch\/de\/wp-json\/wp\/v2\/comments?post=95"}],"version-history":[{"count":25,"href":"https:\/\/esscrans-montana.ch\/de\/wp-json\/wp\/v2\/posts\/95\/revisions"}],"predecessor-version":[{"id":5861,"href":"https:\/\/esscrans-montana.ch\/de\/wp-json\/wp\/v2\/posts\/95\/revisions\/5861"}],"wp:featuredmedia":[{"embeddable":true,"href":"https:\/\/esscrans-montana.ch\/de\/wp-json\/wp\/v2\/media\/5162"}],"wp:attachment":[{"href":"https:\/\/esscrans-montana.ch\/de\/wp-json\/wp\/v2\/media?parent=95"}],"wp:term":[{"taxonomy":"category","embeddable":true,"href":"https:\/\/esscrans-montana.ch\/de\/wp-json\/wp\/v2\/categories?post=95"},{"taxonomy":"post_tag","embeddable":true,"href":"https:\/\/esscrans-montana.ch\/de\/wp-json\/wp\/v2\/tags?post=95"}],"curies":[{"name":"wp","href":"https:\/\/api.w.org\/{rel}","templated":true}]}}