{"id":984,"date":"2024-11-01T10:00:23","date_gmt":"2024-11-01T09:00:23","guid":{"rendered":"http:\/\/data.cranskischool.ch\/ess\/?p=984"},"modified":"2024-11-05T11:38:03","modified_gmt":"2024-11-05T10:38:03","slug":"kids-for-free","status":"publish","type":"post","link":"https:\/\/esscrans-montana.ch\/de\/kids-for-free\/","title":{"rendered":"Kids for free"},"content":{"rendered":"<p>Jedes Wochenende ab dem 6. Januar 2025 <span lang=\"FR\" style=\"font-family: 'Times New Roman','serif';\"><span style=\"color: #000000;\">von 9h15 bis 12h15 Uhr profitieren Sie vom privaten Ski- oder Snowboardunterricht w\u00e4hrend wir uns um Ihr Kind bek\u00fcmmern. W\u00e4hrend Sie Ihre Technik mit dem Privatlehrer verbessern darf Ihr Kind gratis am Kinderunterricht teilnehmen. <\/span><\/span><\/p>\n<p>Verpassen Sie diese Gelegenheit nicht.<\/p>","protected":false},"excerpt":{"rendered":"<p>Jedes Wochenende ab dem 6. Januar 2025 von 9h15 bis 12h15 Uhr profitieren Sie vom privaten Ski- oder Snowboardunterricht w\u00e4hrend [&hellip;]<\/p>\n","protected":false},"author":3,"featured_media":4354,"comment_status":"open","ping_status":"open","sticky":false,"template":"","format":"standard","meta":{"footnotes":"","fecha_evento":""},"categories":[33],"tags":[31],"_links":{"self":[{"href":"https:\/\/esscrans-montana.ch\/de\/wp-json\/wp\/v2\/posts\/984"}],"collection":[{"href":"https:\/\/esscrans-montana.ch\/de\/wp-json\/wp\/v2\/posts"}],"about":[{"href":"https:\/\/esscrans-montana.ch\/de\/wp-json\/wp\/v2\/types\/post"}],"author":[{"embeddable":true,"href":"https:\/\/esscrans-montana.ch\/de\/wp-json\/wp\/v2\/users\/3"}],"replies":[{"embeddable":true,"href":"https:\/\/esscrans-montana.ch\/de\/wp-json\/wp\/v2\/comments?post=984"}],"version-history":[{"count":26,"href":"https:\/\/esscrans-montana.ch\/de\/wp-json\/wp\/v2\/posts\/984\/revisions"}],"predecessor-version":[{"id":6224,"href":"https:\/\/esscrans-montana.ch\/de\/wp-json\/wp\/v2\/posts\/984\/revisions\/6224"}],"wp:featuredmedia":[{"embeddable":true,"href":"https:\/\/esscrans-montana.ch\/de\/wp-json\/wp\/v2\/media\/4354"}],"wp:attachment":[{"href":"https:\/\/esscrans-montana.ch\/de\/wp-json\/wp\/v2\/media?parent=984"}],"wp:term":[{"taxonomy":"category","embeddable":true,"href":"https:\/\/esscrans-montana.ch\/de\/wp-json\/wp\/v2\/categories?post=984"},{"taxonomy":"post_tag","embeddable":true,"href":"https:\/\/esscrans-montana.ch\/de\/wp-json\/wp\/v2\/tags?post=984"}],"curies":[{"name":"wp","href":"https:\/\/api.w.org\/{rel}","templated":true}]}}