{"id":1359,"date":"2024-09-28T10:25:20","date_gmt":"2024-09-28T08:25:20","guid":{"rendered":"http:\/\/esscrans-montana.ch\/?p=1359"},"modified":"2024-11-05T10:29:24","modified_gmt":"2024-11-05T09:29:24","slug":"starter-kit-votre-toute-premiere-experience-sur-les-skis","status":"publish","type":"post","link":"https:\/\/esscrans-montana.ch\/it\/starter-kit-votre-toute-premiere-experience-sur-les-skis\/","title":{"rendered":"First ski experience"},"content":{"rendered":"<p>Non avete ancora provato lo sci? L&#8217;idea vi tenta?<br \/>\nNon\u00a0esitate pi\u00f9, abbiamo ci\u00f2 che fa per voi, un package expr\u00e8s per voi :<\/p>\n<ul>\n<li>2 ore di corso di sci con un maestro privato<\/li>\n<li>Affitto del materiale (sci, scarponi e bastoni)<\/li>\n<li>Abonnamento sci<\/li>\n<\/ul>\n<p><strong>Orario :<\/strong><br \/>\nDal 6 gennaio al 16 aprile 2025<br \/>\nTutti i giorni dalle 14.00 alle 16.30<\/p>\n<p><strong>Prezzi:<\/strong><br \/>\n1 persona : 225.- CHF<br \/>\n2 persona : 325.- CHF<br \/>\n3 persona : 420.- CHF<\/p>\n<p>Informazioni e riservazioni : <a href=\"mailto:info@esscrans-montana.ch\">info@esscrans-montana.ch<\/a><\/p>","protected":false},"excerpt":{"rendered":"<p>Non avete ancora provato lo sci? L&#8217;idea vi tenta? Non\u00a0esitate pi\u00f9, abbiamo ci\u00f2 che fa per voi, un package expr\u00e8s [&hellip;]<\/p>\n","protected":false},"author":3,"featured_media":4354,"comment_status":"open","ping_status":"open","sticky":false,"template":"","format":"standard","meta":{"footnotes":"","fecha_evento":""},"categories":[33],"tags":[31],"_links":{"self":[{"href":"https:\/\/esscrans-montana.ch\/it\/wp-json\/wp\/v2\/posts\/1359"}],"collection":[{"href":"https:\/\/esscrans-montana.ch\/it\/wp-json\/wp\/v2\/posts"}],"about":[{"href":"https:\/\/esscrans-montana.ch\/it\/wp-json\/wp\/v2\/types\/post"}],"author":[{"embeddable":true,"href":"https:\/\/esscrans-montana.ch\/it\/wp-json\/wp\/v2\/users\/3"}],"replies":[{"embeddable":true,"href":"https:\/\/esscrans-montana.ch\/it\/wp-json\/wp\/v2\/comments?post=1359"}],"version-history":[{"count":49,"href":"https:\/\/esscrans-montana.ch\/it\/wp-json\/wp\/v2\/posts\/1359\/revisions"}],"predecessor-version":[{"id":6210,"href":"https:\/\/esscrans-montana.ch\/it\/wp-json\/wp\/v2\/posts\/1359\/revisions\/6210"}],"wp:featuredmedia":[{"embeddable":true,"href":"https:\/\/esscrans-montana.ch\/it\/wp-json\/wp\/v2\/media\/4354"}],"wp:attachment":[{"href":"https:\/\/esscrans-montana.ch\/it\/wp-json\/wp\/v2\/media?parent=1359"}],"wp:term":[{"taxonomy":"category","embeddable":true,"href":"https:\/\/esscrans-montana.ch\/it\/wp-json\/wp\/v2\/categories?post=1359"},{"taxonomy":"post_tag","embeddable":true,"href":"https:\/\/esscrans-montana.ch\/it\/wp-json\/wp\/v2\/tags?post=1359"}],"curies":[{"name":"wp","href":"https:\/\/api.w.org\/{rel}","templated":true}]}}