{"id":167,"date":"2016-08-11T14:23:30","date_gmt":"2016-08-11T14:23:30","guid":{"rendered":"http:\/\/data.cranskischool.ch\/ess\/?p=167"},"modified":"2020-05-08T11:40:45","modified_gmt":"2020-05-08T09:40:45","slug":"snowli-et-monsieur-long-nez","status":"publish","type":"post","link":"https:\/\/esscrans-montana.ch\/it\/snowli-et-monsieur-long-nez\/","title":{"rendered":"Capitolo 1. Signore Naso Lungo"},"content":{"rendered":"<p>\u00abMa dove sono dunque?\u00bb chiede la piccola creatura ad un pupazzo di neve che si trova l\u00e0. \u00abSei caduto nella neve\u00bb, rispose il pupazzo di neve. \u00abNon lo trovi divertente?\u00bb \u00abLa neve! Che parola bizzarra &#8220;neve&#8221;. Cosa vuole dire?\u00bb<\/p>\n<p>\u00abPrima di idrtelo, vorrei sapere che sei\u00bb, rispose il pupazzo di neve con il lungo naso di carota.<\/p>\n<p>\u00ab Mi chiamo Snowli\u00bb\u00a0 \u00abSnowli, wah! \u00c8 un bel nome!\u00bb risponde il pupazzo di neve, che continua dicendo : \u00ab Sai che, in una delle lingue che parliamo su questa Terra, &#8220;Snow&#8221; significa neve et il villaggio dove sei atterrato si chiama &#8221; Swiss Snow Kids Village&#8221;?\u00bb<\/p>\n<p>Tutto meravigliato, Snowli fa amicizia subito con questo grande pupazzo di neve tutto bianco e gli racconta le sue avventure.\u00a0 I suoi genitori avavano deciso di fargli fare un magnifico viaggio perch\u00e8 potesse scoprire lo Spazio, nuovi pianeti e nuovi popoli. \u00c8 cos\u00ec que che fu lanciato nell&#8217;Universo e atterr\u00f2 sul nostro pianeta Terra.<\/p>\n<p>\u00abAllora adesso, Signor Naso Lungo, puoi finalmente spiegarmi che cosa \u00e8 questa cosa fredda e bianca sulla quale mi trovo?\u00bb. Il pupazzo di neve comincia a raccontargli l&#8217;affascinante storia della neve.<\/p>\n<p>&nbsp;<\/p>","protected":false},"excerpt":{"rendered":"<p>\u00abMa dove sono dunque?\u00bb chiede la piccola creatura ad un pupazzo di neve che si trova l\u00e0. \u00abSei caduto nella [&hellip;]<\/p>\n","protected":false},"author":1,"featured_media":244,"comment_status":"open","ping_status":"open","sticky":false,"template":"","format":"standard","meta":{"footnotes":"","fecha_evento":""},"categories":[19],"tags":[],"_links":{"self":[{"href":"https:\/\/esscrans-montana.ch\/it\/wp-json\/wp\/v2\/posts\/167"}],"collection":[{"href":"https:\/\/esscrans-montana.ch\/it\/wp-json\/wp\/v2\/posts"}],"about":[{"href":"https:\/\/esscrans-montana.ch\/it\/wp-json\/wp\/v2\/types\/post"}],"author":[{"embeddable":true,"href":"https:\/\/esscrans-montana.ch\/it\/wp-json\/wp\/v2\/users\/1"}],"replies":[{"embeddable":true,"href":"https:\/\/esscrans-montana.ch\/it\/wp-json\/wp\/v2\/comments?post=167"}],"version-history":[{"count":11,"href":"https:\/\/esscrans-montana.ch\/it\/wp-json\/wp\/v2\/posts\/167\/revisions"}],"predecessor-version":[{"id":4027,"href":"https:\/\/esscrans-montana.ch\/it\/wp-json\/wp\/v2\/posts\/167\/revisions\/4027"}],"wp:featuredmedia":[{"embeddable":true,"href":"https:\/\/esscrans-montana.ch\/it\/wp-json\/wp\/v2\/media\/244"}],"wp:attachment":[{"href":"https:\/\/esscrans-montana.ch\/it\/wp-json\/wp\/v2\/media?parent=167"}],"wp:term":[{"taxonomy":"category","embeddable":true,"href":"https:\/\/esscrans-montana.ch\/it\/wp-json\/wp\/v2\/categories?post=167"},{"taxonomy":"post_tag","embeddable":true,"href":"https:\/\/esscrans-montana.ch\/it\/wp-json\/wp\/v2\/tags?post=167"}],"curies":[{"name":"wp","href":"https:\/\/api.w.org\/{rel}","templated":true}]}}