{"id":171,"date":"2016-08-11T14:25:26","date_gmt":"2016-08-11T14:25:26","guid":{"rendered":"http:\/\/data.cranskischool.ch\/ess\/?p=171"},"modified":"2020-05-14T11:38:58","modified_gmt":"2020-05-14T09:38:58","slug":"ce-quon-peut-faire-avec-la-neige","status":"publish","type":"post","link":"https:\/\/esscrans-montana.ch\/it\/ce-quon-peut-faire-avec-la-neige\/","title":{"rendered":"Capitolo 3. Quello che si pu\u00f2 fare con la neve"},"content":{"rendered":"<p>La storia raccontata dal Signor Naso Lungo affascin\u00f2 Snowli che ascolt\u00f2 con attenzione. \u00ab Sulla neve puoi scivolare, frenare, curvare e anche saltare\u00bb, spieg\u00f2 il pupazzo di neve.<\/p>\n<p>\u00abFa male alle zampe?\u00bb chiede Snowli impressionato. \u00ab Ma sono sciocco?\u00bb, rispose il pupazzo di neve sorridendo! \u00abHo dimenticato di dirti che \u00e8 grazie a degli attrezzi molto speciali che \u00e8 possible di scivolare molto velocemente, di realizzare delle curve incredibili e di frenare anche improvvisamente. Certe volte, quando c&#8217;\u00e8 mola neve fresca, ci si sposta con molta fatica\u00a0 e quando la neve \u00e8 ghiacciata bisogna diventare dei veri acrobati per rimanere in equilibrio.\u00bb<\/p>\n<p>\u00abSignor Naso Lungo, descrivimi questi &#8220;attrezzi molto speciali&#8221;.\u00bb<\/p>\n<p>&nbsp;<\/p>","protected":false},"excerpt":{"rendered":"<p>La storia raccontata dal Signor Naso Lungo affascin\u00f2 Snowli che ascolt\u00f2 con attenzione. \u00ab Sulla neve puoi scivolare, frenare, curvare [&hellip;]<\/p>\n","protected":false},"author":1,"featured_media":246,"comment_status":"open","ping_status":"open","sticky":false,"template":"","format":"standard","meta":{"footnotes":"","fecha_evento":""},"categories":[19],"tags":[],"_links":{"self":[{"href":"https:\/\/esscrans-montana.ch\/it\/wp-json\/wp\/v2\/posts\/171"}],"collection":[{"href":"https:\/\/esscrans-montana.ch\/it\/wp-json\/wp\/v2\/posts"}],"about":[{"href":"https:\/\/esscrans-montana.ch\/it\/wp-json\/wp\/v2\/types\/post"}],"author":[{"embeddable":true,"href":"https:\/\/esscrans-montana.ch\/it\/wp-json\/wp\/v2\/users\/1"}],"replies":[{"embeddable":true,"href":"https:\/\/esscrans-montana.ch\/it\/wp-json\/wp\/v2\/comments?post=171"}],"version-history":[{"count":13,"href":"https:\/\/esscrans-montana.ch\/it\/wp-json\/wp\/v2\/posts\/171\/revisions"}],"predecessor-version":[{"id":4035,"href":"https:\/\/esscrans-montana.ch\/it\/wp-json\/wp\/v2\/posts\/171\/revisions\/4035"}],"wp:featuredmedia":[{"embeddable":true,"href":"https:\/\/esscrans-montana.ch\/it\/wp-json\/wp\/v2\/media\/246"}],"wp:attachment":[{"href":"https:\/\/esscrans-montana.ch\/it\/wp-json\/wp\/v2\/media?parent=171"}],"wp:term":[{"taxonomy":"category","embeddable":true,"href":"https:\/\/esscrans-montana.ch\/it\/wp-json\/wp\/v2\/categories?post=171"},{"taxonomy":"post_tag","embeddable":true,"href":"https:\/\/esscrans-montana.ch\/it\/wp-json\/wp\/v2\/tags?post=171"}],"curies":[{"name":"wp","href":"https:\/\/api.w.org\/{rel}","templated":true}]}}