{"id":1963,"date":"2018-09-10T15:17:33","date_gmt":"2018-09-10T13:17:33","guid":{"rendered":"http:\/\/esscrans-montana.ch\/?p=1963"},"modified":"2018-09-17T15:50:00","modified_gmt":"2018-09-17T13:50:00","slug":"t-shirts-ess-crans-montana","status":"publish","type":"post","link":"https:\/\/esscrans-montana.ch\/it\/t-shirts-ess-crans-montana\/","title":{"rendered":"T-Shirts dal ESS Crans-Montana"},"content":{"rendered":"<p><\/p>\n<p style=\"text-align: center;\">&#8220;Don&#8217;t worry&#8221;, ce ne\u00a0sono per tutti i gusti!<\/p>\n<p style=\"text-align: center;\">Les nouveaux T-Shirt de l&#8217;ESS Crans-Montana sont arriv\u00e9s avec 3 diff\u00e9rents mod\u00e8les et couleurs \u00e0 choix et en vente d\u00e8s aujourd&#8217;hui \u00e0 notre bureau principal !<\/p>\n<p style=\"text-align: center;\">I nuovi T-Shirt dell&#8217;ESS Crans-Montana sono arrivati con 3 differenti modelli e colori a scelta ed in vendita da oggi al nostro ufficio principale!<br \/>\n***<br \/>\nBike, maglia tecnica, verde : CHF 35.-<br \/>\nUomini, azzuro: CHF 27.-<br \/>\nDonne, nero: CHF 27.-<span class=\"text_exposed_hide\">&#8230;<\/span><span class=\"text_exposed_show\"><br \/>\n***<br \/>\nVenite a cercare il vostro!<\/span><\/p>\n<p><\/p>","protected":false},"excerpt":{"rendered":"<p>&#8220;Don&#8217;t worry&#8221;, ce ne\u00a0sono per tutti i gusti! Les nouveaux T-Shirt de l&#8217;ESS Crans-Montana sont arriv\u00e9s avec 3 diff\u00e9rents mod\u00e8les [&hellip;]<\/p>\n","protected":false},"author":3,"featured_media":1965,"comment_status":"open","ping_status":"open","sticky":false,"template":"","format":"standard","meta":{"footnotes":"","fecha_evento":""},"categories":[1],"tags":[],"_links":{"self":[{"href":"https:\/\/esscrans-montana.ch\/it\/wp-json\/wp\/v2\/posts\/1963"}],"collection":[{"href":"https:\/\/esscrans-montana.ch\/it\/wp-json\/wp\/v2\/posts"}],"about":[{"href":"https:\/\/esscrans-montana.ch\/it\/wp-json\/wp\/v2\/types\/post"}],"author":[{"embeddable":true,"href":"https:\/\/esscrans-montana.ch\/it\/wp-json\/wp\/v2\/users\/3"}],"replies":[{"embeddable":true,"href":"https:\/\/esscrans-montana.ch\/it\/wp-json\/wp\/v2\/comments?post=1963"}],"version-history":[{"count":3,"href":"https:\/\/esscrans-montana.ch\/it\/wp-json\/wp\/v2\/posts\/1963\/revisions"}],"predecessor-version":[{"id":1977,"href":"https:\/\/esscrans-montana.ch\/it\/wp-json\/wp\/v2\/posts\/1963\/revisions\/1977"}],"wp:featuredmedia":[{"embeddable":true,"href":"https:\/\/esscrans-montana.ch\/it\/wp-json\/wp\/v2\/media\/1965"}],"wp:attachment":[{"href":"https:\/\/esscrans-montana.ch\/it\/wp-json\/wp\/v2\/media?parent=1963"}],"wp:term":[{"taxonomy":"category","embeddable":true,"href":"https:\/\/esscrans-montana.ch\/it\/wp-json\/wp\/v2\/categories?post=1963"},{"taxonomy":"post_tag","embeddable":true,"href":"https:\/\/esscrans-montana.ch\/it\/wp-json\/wp\/v2\/tags?post=1963"}],"curies":[{"name":"wp","href":"https:\/\/api.w.org\/{rel}","templated":true}]}}