{"id":4160,"date":"2020-07-27T12:38:08","date_gmt":"2020-07-27T10:38:08","guid":{"rendered":"http:\/\/esscrans-montana.ch\/?p=4160"},"modified":"2020-07-27T12:39:39","modified_gmt":"2020-07-27T10:39:39","slug":"action-promotionnelle-bon-de-100-valais-wallis","status":"publish","type":"post","link":"https:\/\/esscrans-montana.ch\/it\/action-promotionnelle-bon-de-100-valais-wallis\/","title":{"rendered":"Action promotionnelle bon de 100.- Valais\/Wallis"},"content":{"rendered":"<p>RESTEZ COMME VOUS \u00caTES. ET PROFITEZ DAVANTAGE.<\/p>\n<p>Profitez encore davantage de votre s\u00e9jour en Valais ! Rejoignez les sommets par les remont\u00e9es m\u00e9caniques, louez un VTT, appr\u00e9ciez un savoureux repas dans un restaurant ou une parenth\u00e8se de d\u00e9tente dans les eaux thermales, visitez un mus\u00e9e ou achetez des produits du terroir. Par le biais de cette action promotionnelle, vous acc\u00e9dez \u00e0 un large \u00e9ventail d\u2019offres tout en m\u00e9nageant votre budget. En s\u00e9journant en Valais du 27 juillet au 15 d\u00e9cembre, vous b\u00e9n\u00e9ficiez d\u2019un bon d\u2019une valeur de 100 francs \u00e0 faire valoir aupr\u00e8s de tous les commerces et prestataires touristiques participants.<\/p>\n<p>Les bons sont remis pour toute r\u00e9servation de min. deux nuits cons\u00e9cutives dans un \u00e9tablissement h\u00f4telier, de min. quatre nuits cons\u00e9cutives dans un logement de vacances ou de min. 7 nuits cons\u00e9cutives dans un camping pour les s\u00e9jours compris entre le 27 juillet et le 15 d\u00e9cembre 2020. Les bons ont une dur\u00e9e de validit\u00e9 de 30 jours \u00e0 compter de la date d\u2019\u00e9mission et sont distribu\u00e9s dans la limite des 100&#8217;000 bons disponibles.<\/p>\n<p>www.valais.ch\/100<br \/>\n<\/p>","protected":false},"excerpt":{"rendered":"<p>RESTEZ COMME VOUS \u00caTES. ET PROFITEZ DAVANTAGE. Profitez encore davantage de votre s\u00e9jour en Valais ! Rejoignez les sommets par [&hellip;]<\/p>\n","protected":false},"author":3,"featured_media":4162,"comment_status":"open","ping_status":"open","sticky":false,"template":"","format":"standard","meta":{"footnotes":"","fecha_evento":""},"categories":[1],"tags":[],"_links":{"self":[{"href":"https:\/\/esscrans-montana.ch\/it\/wp-json\/wp\/v2\/posts\/4160"}],"collection":[{"href":"https:\/\/esscrans-montana.ch\/it\/wp-json\/wp\/v2\/posts"}],"about":[{"href":"https:\/\/esscrans-montana.ch\/it\/wp-json\/wp\/v2\/types\/post"}],"author":[{"embeddable":true,"href":"https:\/\/esscrans-montana.ch\/it\/wp-json\/wp\/v2\/users\/3"}],"replies":[{"embeddable":true,"href":"https:\/\/esscrans-montana.ch\/it\/wp-json\/wp\/v2\/comments?post=4160"}],"version-history":[{"count":1,"href":"https:\/\/esscrans-montana.ch\/it\/wp-json\/wp\/v2\/posts\/4160\/revisions"}],"predecessor-version":[{"id":4161,"href":"https:\/\/esscrans-montana.ch\/it\/wp-json\/wp\/v2\/posts\/4160\/revisions\/4161"}],"wp:featuredmedia":[{"embeddable":true,"href":"https:\/\/esscrans-montana.ch\/it\/wp-json\/wp\/v2\/media\/4162"}],"wp:attachment":[{"href":"https:\/\/esscrans-montana.ch\/it\/wp-json\/wp\/v2\/media?parent=4160"}],"wp:term":[{"taxonomy":"category","embeddable":true,"href":"https:\/\/esscrans-montana.ch\/it\/wp-json\/wp\/v2\/categories?post=4160"},{"taxonomy":"post_tag","embeddable":true,"href":"https:\/\/esscrans-montana.ch\/it\/wp-json\/wp\/v2\/tags?post=4160"}],"curies":[{"name":"wp","href":"https:\/\/api.w.org\/{rel}","templated":true}]}}