{"id":44,"date":"2020-09-01T14:11:09","date_gmt":"2020-09-01T12:11:09","guid":{"rendered":"http:\/\/localhost:8888\/?p=44"},"modified":"2022-02-14T21:48:47","modified_gmt":"2022-02-14T20:48:47","slug":"vipclub","status":"publish","type":"post","link":"https:\/\/esscrans-montana.ch\/it\/vipclub\/","title":{"rendered":"KIDS Club <sup style=\"font-size: 1.1em; font-weight: 500;\">+<\/sup>"},"content":{"rendered":"<p>Il corso KIDSclub<strong><sup>+<\/sup><\/strong> \u00e9 riservato a tutti i bambini da\u00a04 a 6 anni (Snowly) e da 7 a 11 anni (Mini), unicamente durante i periodi di alta stagione. L&#8217;apprendimento avverr\u00e0 in modo ottimale grazie a corsi limitati a 5 allievi per classe.<\/p>\n<h5>Programma:<\/h5>\n<p>Test della Swiss Snow League, gara di sci il venerd\u00ec e soppratutto tanto\u00a0piacere sugli sci per tutta la settimana.<\/p>\n<p>SnowliClub (4 a 6 anni)<br \/>\nMiniClub (7 a 11 anni)<\/p>\n<p><strong>Ritrovo:<\/strong><br \/>\nArnouva : tutti livelli<br \/>\nCrans : MINIClub (rosso &amp; nero)<\/p>\n<h5>Orario:<\/h5>\n<p>10h15 &#8211; 12h45<\/p>\n<h5>Tariffe:<\/h5>\n<p>1 mattinata : CHF 100.-<br \/>\n5 mattinate : CHF 395.-<\/p>\n<p><strong>OPZIONE ACCOMPAGNAMENTO ARNOUVA :<\/strong> Un servizio in pi\u00f9 che vi proponiamo da quest&#8217;anno \u00e8 la presa a carico degli allievi direttamente dal nostro nuovo ufficio con possibilit\u00e0 di recuperarli alla fine del corso nello stesso posto dove li avete lasciati. Costo di questo servizio CHF 10.- valido per gli allievi dello SnowliClub e MiniClub.<\/p>","protected":false},"excerpt":{"rendered":"<p>Il corso KIDSclub+ \u00e9 riservato a tutti i bambini da\u00a04 a 6 anni (Snowly) e da 7 a 11 anni [&hellip;]<\/p>\n","protected":false},"author":1,"featured_media":5155,"comment_status":"open","ping_status":"open","sticky":false,"template":"","format":"standard","meta":{"footnotes":"","fecha_evento":""},"categories":[4],"tags":[31,11,23,24],"_links":{"self":[{"href":"https:\/\/esscrans-montana.ch\/it\/wp-json\/wp\/v2\/posts\/44"}],"collection":[{"href":"https:\/\/esscrans-montana.ch\/it\/wp-json\/wp\/v2\/posts"}],"about":[{"href":"https:\/\/esscrans-montana.ch\/it\/wp-json\/wp\/v2\/types\/post"}],"author":[{"embeddable":true,"href":"https:\/\/esscrans-montana.ch\/it\/wp-json\/wp\/v2\/users\/1"}],"replies":[{"embeddable":true,"href":"https:\/\/esscrans-montana.ch\/it\/wp-json\/wp\/v2\/comments?post=44"}],"version-history":[{"count":54,"href":"https:\/\/esscrans-montana.ch\/it\/wp-json\/wp\/v2\/posts\/44\/revisions"}],"predecessor-version":[{"id":4916,"href":"https:\/\/esscrans-montana.ch\/it\/wp-json\/wp\/v2\/posts\/44\/revisions\/4916"}],"wp:featuredmedia":[{"embeddable":true,"href":"https:\/\/esscrans-montana.ch\/it\/wp-json\/wp\/v2\/media\/5155"}],"wp:attachment":[{"href":"https:\/\/esscrans-montana.ch\/it\/wp-json\/wp\/v2\/media?parent=44"}],"wp:term":[{"taxonomy":"category","embeddable":true,"href":"https:\/\/esscrans-montana.ch\/it\/wp-json\/wp\/v2\/categories?post=44"},{"taxonomy":"post_tag","embeddable":true,"href":"https:\/\/esscrans-montana.ch\/it\/wp-json\/wp\/v2\/tags?post=44"}],"curies":[{"name":"wp","href":"https:\/\/api.w.org\/{rel}","templated":true}]}}