{"id":46,"date":"2024-08-23T09:12:30","date_gmt":"2024-08-23T07:12:30","guid":{"rendered":"http:\/\/localhost:8888\/?p=46"},"modified":"2026-04-21T10:47:14","modified_gmt":"2026-04-21T08:47:14","slug":"snowliclub","status":"publish","type":"post","link":"https:\/\/esscrans-montana.ch\/it\/snowliclub\/","title":{"rendered":"SNOWLI Club"},"content":{"rendered":"<p>Lo <strong>SNOWLIclub <\/strong>\u00e8 adatto per bambini <strong>dai 4 ai 6 anni<\/strong>, si trova sul terreno del giardino di neve al Golf o all&#8217;arrivo della telecabina Arnouva(Signal).<\/p>\n<h5>Programma:<\/h5>\n<p>70% insegnamento sci<br \/>\n30% d\u2019intrattenimento (giochi, slittino, pupazzo di neve, pausa con t\u00e8 e biscotti)<\/p>\n<p>Gli gruppi sono limitati a 8 partecippanti!<\/p>\n<h5>Orario: (7 giorni su 7)<\/h5>\n<p>09h15 &#8211; 12h15<br \/>\n12h15 &#8211; 14h00 (pranzo)<br \/>\n14h00 &#8211; 16h00<\/p>\n<h5>Tariffe:<\/h5>\n<p>1 mattinata : CHF\u00a080.-<br \/>\n5 mattinate consecutive : CHF 280.- (Prezzo famiglia: 2 pers. CHF 260.-, 3 pers. CHF 240.-)<\/p>\n<p>1 pomeriggio : CHF 70.-<br \/>\n5 pomeriggi consecutive : CHF 225.- (Prezzo famiglia: 2 pers. CHF 210.-, 3 pers. CHF 195.-)<\/p>\n<p>1 giornata : CHF 125.-<br \/>\n5 giornate consecutive : CHF 410.- (Prezzo famiglia: 2 pers. CHF 380.-, 3 pers. CHF 350.-)<br \/>\nNota: Pranzo non incluso<\/p>\n<p>1 pranzo : CHF 25.-<\/p>\n<p><strong>OPZIONE ACCOMPAGNAMENTO ARNOUVA :<\/strong> Un servizio in pi\u00f9 che vi proponiamo da quest&#8217;anno \u00e8 la presa a carico degli allievi direttamente dal nostro nuovo ufficio con possibilit\u00e0 di recuperarli alla fine del corso nello stesso posto dove li avete lasciati. Costo di questo servizio CHF 10.- valido per gli allievi dello SnowliClub e MiniClub.<\/p>","protected":false},"excerpt":{"rendered":"<p>Lo SNOWLIclub \u00e8 adatto per bambini dai 4 ai 6 anni, si trova sul terreno del giardino di neve al [&hellip;]<\/p>\n","protected":false},"author":1,"featured_media":5153,"comment_status":"open","ping_status":"open","sticky":false,"template":"","format":"standard","meta":{"footnotes":"","fecha_evento":""},"categories":[4],"tags":[31,11,23],"_links":{"self":[{"href":"https:\/\/esscrans-montana.ch\/it\/wp-json\/wp\/v2\/posts\/46"}],"collection":[{"href":"https:\/\/esscrans-montana.ch\/it\/wp-json\/wp\/v2\/posts"}],"about":[{"href":"https:\/\/esscrans-montana.ch\/it\/wp-json\/wp\/v2\/types\/post"}],"author":[{"embeddable":true,"href":"https:\/\/esscrans-montana.ch\/it\/wp-json\/wp\/v2\/users\/1"}],"replies":[{"embeddable":true,"href":"https:\/\/esscrans-montana.ch\/it\/wp-json\/wp\/v2\/comments?post=46"}],"version-history":[{"count":74,"href":"https:\/\/esscrans-montana.ch\/it\/wp-json\/wp\/v2\/posts\/46\/revisions"}],"predecessor-version":[{"id":7419,"href":"https:\/\/esscrans-montana.ch\/it\/wp-json\/wp\/v2\/posts\/46\/revisions\/7419"}],"wp:featuredmedia":[{"embeddable":true,"href":"https:\/\/esscrans-montana.ch\/it\/wp-json\/wp\/v2\/media\/5153"}],"wp:attachment":[{"href":"https:\/\/esscrans-montana.ch\/it\/wp-json\/wp\/v2\/media?parent=46"}],"wp:term":[{"taxonomy":"category","embeddable":true,"href":"https:\/\/esscrans-montana.ch\/it\/wp-json\/wp\/v2\/categories?post=46"},{"taxonomy":"post_tag","embeddable":true,"href":"https:\/\/esscrans-montana.ch\/it\/wp-json\/wp\/v2\/tags?post=46"}],"curies":[{"name":"wp","href":"https:\/\/api.w.org\/{rel}","templated":true}]}}