{"id":4610,"date":"2026-06-15T08:56:28","date_gmt":"2026-06-15T06:56:28","guid":{"rendered":"https:\/\/esscrans-montana.ch\/?p=4610"},"modified":"2026-06-15T13:35:59","modified_gmt":"2026-06-15T11:35:59","slug":"situation","status":"publish","type":"post","link":"https:\/\/esscrans-montana.ch\/it\/situation\/","title":{"rendered":"(Fran\u00e7ais) 1\u00e8re \u00e9dition du GPCMJ de bike le 13.06.26"},"content":{"rendered":"<p class=\"qtranxs-available-languages-message qtranxs-available-languages-message-it\">Ci spiace, ma questo articolo \u00e8 disponibile soltanto in <a href=\"https:\/\/esscrans-montana.ch\/fr\/wp-json\/wp\/v2\/posts\/4610\" class=\"qtranxs-available-language-link qtranxs-available-language-link-fr\" title=\"Fran\u00e7ais\">Francese<\/a>.<\/p>","protected":false},"excerpt":{"rendered":"<p>Ci spiace, ma questo articolo \u00e8 disponibile soltanto in Francese.<\/p>\n","protected":false},"author":3,"featured_media":7471,"comment_status":"open","ping_status":"open","sticky":false,"template":"","format":"standard","meta":{"footnotes":"","fecha_evento":""},"categories":[9],"tags":[],"_links":{"self":[{"href":"https:\/\/esscrans-montana.ch\/it\/wp-json\/wp\/v2\/posts\/4610"}],"collection":[{"href":"https:\/\/esscrans-montana.ch\/it\/wp-json\/wp\/v2\/posts"}],"about":[{"href":"https:\/\/esscrans-montana.ch\/it\/wp-json\/wp\/v2\/types\/post"}],"author":[{"embeddable":true,"href":"https:\/\/esscrans-montana.ch\/it\/wp-json\/wp\/v2\/users\/3"}],"replies":[{"embeddable":true,"href":"https:\/\/esscrans-montana.ch\/it\/wp-json\/wp\/v2\/comments?post=4610"}],"version-history":[{"count":39,"href":"https:\/\/esscrans-montana.ch\/it\/wp-json\/wp\/v2\/posts\/4610\/revisions"}],"predecessor-version":[{"id":7511,"href":"https:\/\/esscrans-montana.ch\/it\/wp-json\/wp\/v2\/posts\/4610\/revisions\/7511"}],"wp:featuredmedia":[{"embeddable":true,"href":"https:\/\/esscrans-montana.ch\/it\/wp-json\/wp\/v2\/media\/7471"}],"wp:attachment":[{"href":"https:\/\/esscrans-montana.ch\/it\/wp-json\/wp\/v2\/media?parent=4610"}],"wp:term":[{"taxonomy":"category","embeddable":true,"href":"https:\/\/esscrans-montana.ch\/it\/wp-json\/wp\/v2\/categories?post=4610"},{"taxonomy":"post_tag","embeddable":true,"href":"https:\/\/esscrans-montana.ch\/it\/wp-json\/wp\/v2\/tags?post=4610"}],"curies":[{"name":"wp","href":"https:\/\/api.w.org\/{rel}","templated":true}]}}