{"id":6107,"date":"2025-04-14T11:37:22","date_gmt":"2025-04-14T09:37:22","guid":{"rendered":"https:\/\/esscrans-montana.ch\/?p=6107"},"modified":"2026-06-15T11:14:45","modified_gmt":"2026-06-15T09:14:45","slug":"dh-juniors-club","status":"publish","type":"post","link":"https:\/\/esscrans-montana.ch\/it\/dh-juniors-club\/","title":{"rendered":"DH JUNIORS CLUB"},"content":{"rendered":"<p><strong>Descrizione delle attivit\u00e0<\/strong>: Per tutta l&#8217;estate, questi corsi orientati al DH vi permetteranno di perfezionare le vostre abilit\u00e0 e la vostra tecnica, scoprendo la pratica dell&#8217;enduro e del trial MTB. Il terreno di gioco sar\u00e0 chiaramente il Bike Park di Crans-Montana e l&#8217;obiettivo sar\u00e0 quello di padroneggiare in sicurezza tutti gli ostacoli dei vari percorsi. I percorsi enduro e le Pumptrack della regione amplieranno ulteriormente questo parco giochi e miglioreranno ulteriormente le vostre abilit\u00e0 in bicicletta.<\/p>\n<p><strong>Supervisione<\/strong> : Luis ,\u00a0 professionista della montagna con la passione per le bici da DH, enduro e trial, sar\u00e0 a disposizione durante questi corsi per condividere la sua passione e aiutarvi a progredire in tutta sicurezza.<\/p>\n<p><strong>A chi \u00e8 rivolto?<\/strong> Giovani dai 7 ai 16 anni, appassionati di VTT.<\/p>\n<p><strong>Livello : <\/strong>Avanzato (piste blu) dai 7 anni<\/p>\n<p>Esperto (piste rosse) dai 9 anni<\/p>\n<p><strong>Programma:<\/strong> 13 sabati dalle 9.30 alle 12.30 \/ Partenza dalla baita di Crans (date: dal 20 giugno all&#8217;11 luglio e dal 15 agosto al 17 ottobre 2026)<\/p>\n<p><strong>Attrezzatura<\/strong> : Mountain bike completa (DH o enduro), casco integrale, ginocchiere, guanti, gomitiere, paraschiena e abbigliamento adatto alle condizioni meteorologiche. I partecipanti devono essere in possesso di un pass valido per gli impianti di risalita o di un altro mezzo di trasporto (ad es. funicolare). Nota: se il coach ritiene che un bambino non sia adeguatamente equipaggiato, pu\u00f2 rifiutarlo al corso.<\/p>\n<p><strong>Prezzi :<\/strong> Stagione = CHF 460.- \/ abbonamento 10 cours = CHF 380.- \/ 1 sessione = CHF 60.-\u00a0 ( I partecipanti stagionali e dei 10 corsi riceveranno una maglia da bicicletta del Junior DH Club)<\/p>\n<p><strong>Iscrizioni e informazioni :<\/strong> Limite iscrizioni fino al 15 giugno 2026 \/ ESS Crans-Montana, Routes de Arolles 2, 3963 Crans-Montana \/ <a href=\"mailto:info@esscrans-montana.ch\">info@esscrans-montana.ch<\/a> \/ 027 481 14 80<\/p>","protected":false},"excerpt":{"rendered":"<p>Descrizione delle attivit\u00e0: Per tutta l&#8217;estate, questi corsi orientati al DH vi permetteranno di perfezionare le vostre abilit\u00e0 e la [&hellip;]<\/p>\n","protected":false},"author":7,"featured_media":6110,"comment_status":"open","ping_status":"open","sticky":false,"template":"","format":"standard","meta":{"footnotes":"","fecha_evento":""},"categories":[3,9],"tags":[],"_links":{"self":[{"href":"https:\/\/esscrans-montana.ch\/it\/wp-json\/wp\/v2\/posts\/6107"}],"collection":[{"href":"https:\/\/esscrans-montana.ch\/it\/wp-json\/wp\/v2\/posts"}],"about":[{"href":"https:\/\/esscrans-montana.ch\/it\/wp-json\/wp\/v2\/types\/post"}],"author":[{"embeddable":true,"href":"https:\/\/esscrans-montana.ch\/it\/wp-json\/wp\/v2\/users\/7"}],"replies":[{"embeddable":true,"href":"https:\/\/esscrans-montana.ch\/it\/wp-json\/wp\/v2\/comments?post=6107"}],"version-history":[{"count":15,"href":"https:\/\/esscrans-montana.ch\/it\/wp-json\/wp\/v2\/posts\/6107\/revisions"}],"predecessor-version":[{"id":7507,"href":"https:\/\/esscrans-montana.ch\/it\/wp-json\/wp\/v2\/posts\/6107\/revisions\/7507"}],"wp:featuredmedia":[{"embeddable":true,"href":"https:\/\/esscrans-montana.ch\/it\/wp-json\/wp\/v2\/media\/6110"}],"wp:attachment":[{"href":"https:\/\/esscrans-montana.ch\/it\/wp-json\/wp\/v2\/media?parent=6107"}],"wp:term":[{"taxonomy":"category","embeddable":true,"href":"https:\/\/esscrans-montana.ch\/it\/wp-json\/wp\/v2\/categories?post=6107"},{"taxonomy":"post_tag","embeddable":true,"href":"https:\/\/esscrans-montana.ch\/it\/wp-json\/wp\/v2\/tags?post=6107"}],"curies":[{"name":"wp","href":"https:\/\/api.w.org\/{rel}","templated":true}]}}