{"id":6111,"date":"2026-06-02T08:00:43","date_gmt":"2026-06-02T06:00:43","guid":{"rendered":"https:\/\/esscrans-montana.ch\/?p=6111"},"modified":"2026-06-02T08:48:41","modified_gmt":"2026-06-02T06:48:41","slug":"nouveau-dh-juniors-club","status":"publish","type":"post","link":"https:\/\/esscrans-montana.ch\/it\/nouveau-dh-juniors-club\/","title":{"rendered":"Nuovi orari, nuove attivit\u00e0&#8230;"},"content":{"rendered":"<p>La stagione sciistica \u00e8 terminata e proponiamo gi\u00e0 le nostre attivit\u00e0 estive (mountain bike, escursioni&#8230;). Non esitate a contattarci per ulteriori informazioni.<\/p>\n<p>La nostra sede principale rimane aperta dal luned\u00ec al venerd\u00ec dalle 09.00 alle 12.00 e dalle 14.00 alle 17.00.<\/p>","protected":false},"excerpt":{"rendered":"<p>La stagione sciistica \u00e8 terminata e proponiamo gi\u00e0 le nostre attivit\u00e0 estive (mountain bike, escursioni&#8230;). Non esitate a contattarci per [&hellip;]<\/p>\n","protected":false},"author":7,"featured_media":6794,"comment_status":"open","ping_status":"open","sticky":false,"template":"","format":"standard","meta":{"footnotes":"","fecha_evento":""},"categories":[9],"tags":[],"_links":{"self":[{"href":"https:\/\/esscrans-montana.ch\/it\/wp-json\/wp\/v2\/posts\/6111"}],"collection":[{"href":"https:\/\/esscrans-montana.ch\/it\/wp-json\/wp\/v2\/posts"}],"about":[{"href":"https:\/\/esscrans-montana.ch\/it\/wp-json\/wp\/v2\/types\/post"}],"author":[{"embeddable":true,"href":"https:\/\/esscrans-montana.ch\/it\/wp-json\/wp\/v2\/users\/7"}],"replies":[{"embeddable":true,"href":"https:\/\/esscrans-montana.ch\/it\/wp-json\/wp\/v2\/comments?post=6111"}],"version-history":[{"count":21,"href":"https:\/\/esscrans-montana.ch\/it\/wp-json\/wp\/v2\/posts\/6111\/revisions"}],"predecessor-version":[{"id":7492,"href":"https:\/\/esscrans-montana.ch\/it\/wp-json\/wp\/v2\/posts\/6111\/revisions\/7492"}],"wp:featuredmedia":[{"embeddable":true,"href":"https:\/\/esscrans-montana.ch\/it\/wp-json\/wp\/v2\/media\/6794"}],"wp:attachment":[{"href":"https:\/\/esscrans-montana.ch\/it\/wp-json\/wp\/v2\/media?parent=6111"}],"wp:term":[{"taxonomy":"category","embeddable":true,"href":"https:\/\/esscrans-montana.ch\/it\/wp-json\/wp\/v2\/categories?post=6111"},{"taxonomy":"post_tag","embeddable":true,"href":"https:\/\/esscrans-montana.ch\/it\/wp-json\/wp\/v2\/tags?post=6111"}],"curies":[{"name":"wp","href":"https:\/\/api.w.org\/{rel}","templated":true}]}}