{"id":6752,"date":"2026-05-13T08:14:17","date_gmt":"2026-05-13T06:14:17","guid":{"rendered":"https:\/\/esscrans-montana.ch\/?p=6752"},"modified":"2026-06-15T13:36:31","modified_gmt":"2026-06-15T11:36:31","slug":"une-course-de-vtt-comme-heritage","status":"publish","type":"post","link":"https:\/\/esscrans-montana.ch\/it\/une-course-de-vtt-comme-heritage\/","title":{"rendered":"(Fran\u00e7ais) Samedi 13 juin 2026 : Premi\u00e8re \u00e9dition de la Flow ER et Pow ER VTT race"},"content":{"rendered":"<p class=\"qtranxs-available-languages-message qtranxs-available-languages-message-it\">Ci spiace, ma questo articolo \u00e8 disponibile soltanto in <a href=\"https:\/\/esscrans-montana.ch\/fr\/wp-json\/wp\/v2\/posts\/6752\" class=\"qtranxs-available-language-link qtranxs-available-language-link-fr\" title=\"Fran\u00e7ais\">Francese<\/a> e <a href=\"https:\/\/esscrans-montana.ch\/en\/wp-json\/wp\/v2\/posts\/6752\" class=\"qtranxs-available-language-link qtranxs-available-language-link-en\" title=\"English\">Inglese Americano<\/a>.<\/p>","protected":false},"excerpt":{"rendered":"<p class=\"qtranxs-available-languages-message qtranxs-available-languages-message-it\">Ci spiace, ma questo articolo \u00e8 disponibile soltanto in <a href=\"https:\/\/esscrans-montana.ch\/fr\/wp-json\/wp\/v2\/posts\/6752\" class=\"qtranxs-available-language-link qtranxs-available-language-link-fr\" title=\"Fran\u00e7ais\">Francese<\/a> e <a href=\"https:\/\/esscrans-montana.ch\/en\/wp-json\/wp\/v2\/posts\/6752\" class=\"qtranxs-available-language-link qtranxs-available-language-link-en\" title=\"English\">Inglese Americano<\/a>.<\/p>\n","protected":false},"author":5,"featured_media":7471,"comment_status":"open","ping_status":"open","sticky":true,"template":"","format":"standard","meta":{"footnotes":"","fecha_evento":""},"categories":[45,48],"tags":[],"_links":{"self":[{"href":"https:\/\/esscrans-montana.ch\/it\/wp-json\/wp\/v2\/posts\/6752"}],"collection":[{"href":"https:\/\/esscrans-montana.ch\/it\/wp-json\/wp\/v2\/posts"}],"about":[{"href":"https:\/\/esscrans-montana.ch\/it\/wp-json\/wp\/v2\/types\/post"}],"author":[{"embeddable":true,"href":"https:\/\/esscrans-montana.ch\/it\/wp-json\/wp\/v2\/users\/5"}],"replies":[{"embeddable":true,"href":"https:\/\/esscrans-montana.ch\/it\/wp-json\/wp\/v2\/comments?post=6752"}],"version-history":[{"count":24,"href":"https:\/\/esscrans-montana.ch\/it\/wp-json\/wp\/v2\/posts\/6752\/revisions"}],"predecessor-version":[{"id":7512,"href":"https:\/\/esscrans-montana.ch\/it\/wp-json\/wp\/v2\/posts\/6752\/revisions\/7512"}],"wp:featuredmedia":[{"embeddable":true,"href":"https:\/\/esscrans-montana.ch\/it\/wp-json\/wp\/v2\/media\/7471"}],"wp:attachment":[{"href":"https:\/\/esscrans-montana.ch\/it\/wp-json\/wp\/v2\/media?parent=6752"}],"wp:term":[{"taxonomy":"category","embeddable":true,"href":"https:\/\/esscrans-montana.ch\/it\/wp-json\/wp\/v2\/categories?post=6752"},{"taxonomy":"post_tag","embeddable":true,"href":"https:\/\/esscrans-montana.ch\/it\/wp-json\/wp\/v2\/tags?post=6752"}],"curies":[{"name":"wp","href":"https:\/\/api.w.org\/{rel}","templated":true}]}}