{"id":6762,"date":"2025-11-18T20:35:04","date_gmt":"2025-11-18T19:35:04","guid":{"rendered":"https:\/\/esscrans-montana.ch\/?p=6762"},"modified":"2025-12-06T12:25:48","modified_gmt":"2025-12-06T11:25:48","slug":"les-remises-des-medailles-un-moment-magique-pour-les-enfants","status":"publish","type":"post","link":"https:\/\/esscrans-montana.ch\/it\/les-remises-des-medailles-un-moment-magique-pour-les-enfants\/","title":{"rendered":"(Fran\u00e7ais) No\u00ebl 2025 et Carnaval 2026 : Remise des m\u00e9dailles"},"content":{"rendered":"<p class=\"qtranxs-available-languages-message qtranxs-available-languages-message-it\">Ci spiace, ma questo articolo \u00e8 disponibile soltanto in <a href=\"https:\/\/esscrans-montana.ch\/fr\/wp-json\/wp\/v2\/posts\/6762\" class=\"qtranxs-available-language-link qtranxs-available-language-link-fr\" title=\"Fran\u00e7ais\">Francese<\/a> e <a href=\"https:\/\/esscrans-montana.ch\/en\/wp-json\/wp\/v2\/posts\/6762\" class=\"qtranxs-available-language-link qtranxs-available-language-link-en\" title=\"English\">Inglese Americano<\/a>.<\/p>","protected":false},"excerpt":{"rendered":"<p class=\"qtranxs-available-languages-message qtranxs-available-languages-message-it\">Ci spiace, ma questo articolo \u00e8 disponibile soltanto in <a href=\"https:\/\/esscrans-montana.ch\/fr\/wp-json\/wp\/v2\/posts\/6762\" class=\"qtranxs-available-language-link qtranxs-available-language-link-fr\" title=\"Fran\u00e7ais\">Francese<\/a> e <a href=\"https:\/\/esscrans-montana.ch\/en\/wp-json\/wp\/v2\/posts\/6762\" class=\"qtranxs-available-language-link qtranxs-available-language-link-en\" title=\"English\">Inglese Americano<\/a>.<\/p>\n","protected":false},"author":5,"featured_media":6763,"comment_status":"open","ping_status":"open","sticky":true,"template":"","format":"standard","meta":{"footnotes":"","fecha_evento":"2026-02-28"},"categories":[45,49],"tags":[],"_links":{"self":[{"href":"https:\/\/esscrans-montana.ch\/it\/wp-json\/wp\/v2\/posts\/6762"}],"collection":[{"href":"https:\/\/esscrans-montana.ch\/it\/wp-json\/wp\/v2\/posts"}],"about":[{"href":"https:\/\/esscrans-montana.ch\/it\/wp-json\/wp\/v2\/types\/post"}],"author":[{"embeddable":true,"href":"https:\/\/esscrans-montana.ch\/it\/wp-json\/wp\/v2\/users\/5"}],"replies":[{"embeddable":true,"href":"https:\/\/esscrans-montana.ch\/it\/wp-json\/wp\/v2\/comments?post=6762"}],"version-history":[{"count":6,"href":"https:\/\/esscrans-montana.ch\/it\/wp-json\/wp\/v2\/posts\/6762\/revisions"}],"predecessor-version":[{"id":6951,"href":"https:\/\/esscrans-montana.ch\/it\/wp-json\/wp\/v2\/posts\/6762\/revisions\/6951"}],"wp:featuredmedia":[{"embeddable":true,"href":"https:\/\/esscrans-montana.ch\/it\/wp-json\/wp\/v2\/media\/6763"}],"wp:attachment":[{"href":"https:\/\/esscrans-montana.ch\/it\/wp-json\/wp\/v2\/media?parent=6762"}],"wp:term":[{"taxonomy":"category","embeddable":true,"href":"https:\/\/esscrans-montana.ch\/it\/wp-json\/wp\/v2\/categories?post=6762"},{"taxonomy":"post_tag","embeddable":true,"href":"https:\/\/esscrans-montana.ch\/it\/wp-json\/wp\/v2\/tags?post=6762"}],"curies":[{"name":"wp","href":"https:\/\/api.w.org\/{rel}","templated":true}]}}