{"id":92,"date":"2020-09-01T17:36:08","date_gmt":"2020-09-01T15:36:08","guid":{"rendered":"http:\/\/data.cranskischool.ch\/ess\/?p=92"},"modified":"2024-01-16T10:46:26","modified_gmt":"2024-01-16T09:46:26","slug":"guide-freeride","status":"publish","type":"post","link":"https:\/\/esscrans-montana.ch\/it\/guide-freeride\/","title":{"rendered":"Freeride"},"content":{"rendered":"<p>Non c\u2019\u00e9 niente di pi\u00fa piacevole che assaporare le gioie del fuoripista. Lasciatevi guidare sui differenti pendii della regione. Una successione di pendii non troppo ripidi ci permetteranno di familiarizzare con questa nuova sensazione di libert\u00e0.<br \/>\nPer i pi\u00fa agguerriti, la discesa delle Faverges con le sue differenti possibilit\u00e0, sapra soddisfare in pieno anche i pi\u00fa audaci.<\/p>\n<p>&nbsp;<\/p>\n<p><strong>Info Pratiche<\/strong><\/p>\n<p>Iniziazione : Essere in grado di sciare su tutte le piste. Presentazione del materiale di sicurezza utilizzato per sciare fuoripista. Non saremo mai troppo lontano dalle piste del comprensorio in modo tale da tornarci in caso di stanchezza o se la neve diventasse difficile da sciare.<br \/>\nFaverges : Una buona condizione fisica e tecnica in quanto, a seconda dell\u2019itinerario prescelto, le discese possono essere lunghe e distanti dal comprensorio sciistico.<\/p>\n<p>&nbsp;<\/p>\n<p><strong>Tariffe<\/strong><\/p>\n<p>Giornata\u00a0\u00a0\u00a0\u00a0\u00a0\u00a0\u00a0\u00a0\u00a0\u00a0\u00a0\u00a0\u00a0\u00a0\u00a0\u00a0 CHF 650.- per 1-2 persona (+ CHF 50.- per ogni persona in pi\u00fa)<br \/>\n\u00bd giornata\u00a0\u00a0\u00a0\u00a0\u00a0\u00a0\u00a0\u00a0\u00a0\u00a0\u00a0\u00a0 CHF\u00a0 450.- per 1-2 persona (+ CHF 40.- per ogni persona in pi\u00fa)<br \/>\nMateriale\u00a0\u00a0\u00a0\u00a0\u00a0\u00a0\u00a0\u00a0\u00a0\u00a0\u00a0\u00a0\u00a0\u00a0 CHF 25.-\/ a persona (pala, sonda, DVA- obligatorio)<\/p>","protected":false},"excerpt":{"rendered":"<p>Non c\u2019\u00e9 niente di pi\u00fa piacevole che assaporare le gioie del fuoripista. Lasciatevi guidare sui differenti pendii della regione. Una [&hellip;]<\/p>\n","protected":false},"author":1,"featured_media":5160,"comment_status":"open","ping_status":"open","sticky":false,"template":"","format":"standard","meta":{"footnotes":"","fecha_evento":""},"categories":[7],"tags":[11],"_links":{"self":[{"href":"https:\/\/esscrans-montana.ch\/it\/wp-json\/wp\/v2\/posts\/92"}],"collection":[{"href":"https:\/\/esscrans-montana.ch\/it\/wp-json\/wp\/v2\/posts"}],"about":[{"href":"https:\/\/esscrans-montana.ch\/it\/wp-json\/wp\/v2\/types\/post"}],"author":[{"embeddable":true,"href":"https:\/\/esscrans-montana.ch\/it\/wp-json\/wp\/v2\/users\/1"}],"replies":[{"embeddable":true,"href":"https:\/\/esscrans-montana.ch\/it\/wp-json\/wp\/v2\/comments?post=92"}],"version-history":[{"count":24,"href":"https:\/\/esscrans-montana.ch\/it\/wp-json\/wp\/v2\/posts\/92\/revisions"}],"predecessor-version":[{"id":5988,"href":"https:\/\/esscrans-montana.ch\/it\/wp-json\/wp\/v2\/posts\/92\/revisions\/5988"}],"wp:featuredmedia":[{"embeddable":true,"href":"https:\/\/esscrans-montana.ch\/it\/wp-json\/wp\/v2\/media\/5160"}],"wp:attachment":[{"href":"https:\/\/esscrans-montana.ch\/it\/wp-json\/wp\/v2\/media?parent=92"}],"wp:term":[{"taxonomy":"category","embeddable":true,"href":"https:\/\/esscrans-montana.ch\/it\/wp-json\/wp\/v2\/categories?post=92"},{"taxonomy":"post_tag","embeddable":true,"href":"https:\/\/esscrans-montana.ch\/it\/wp-json\/wp\/v2\/tags?post=92"}],"curies":[{"name":"wp","href":"https:\/\/api.w.org\/{rel}","templated":true}]}}